{"id":931,"date":"2016-04-26T11:33:21","date_gmt":"2016-04-26T16:33:21","guid":{"rendered":"http:\/\/www.ministerioaguadevida.net\/mujeres\/?p=931"},"modified":"2016-04-26T11:33:21","modified_gmt":"2016-04-26T16:33:21","slug":"sana-la-guajira","status":"publish","type":"post","link":"http:\/\/www.ministerioaguadevida.net\/mujeres\/?p=931","title":{"rendered":"SANA LA GUAJIRA"},"content":{"rendered":"<p>Buenos d\u00edas, hoy quiero invitarlas a que nos unamos en un solo coraz\u00f3n a pedirle a nuestro Dios por la Guajira donde hace m\u00e1s de dos a\u00f1os no llueve, los r\u00edos se han secado, la tierra ya no produce alimento y muchos ni\u00f1os Colombianos de la tribu de los Wayus mueren d\u00eda a d\u00eda de hambre. Nosotras como hijas de Dios no podemos ser indiferentes ante esta situaci\u00f3n. Las invit\u00f3 a orar para que Dios sane esta tierra, perdone su pecado y ellos conozcan a Jes\u00fas como su Se\u00f1or y Salvador recordemos que la oraci\u00f3n eficaz del justo puede mucho. <\/p>\n<p>Santa Biblia Reina Valera 1960 &#8211; 2 Cr\u00f3nicas 7<br \/>\n14  Si se humillare mi pueblo, sobre el cual mi nombre es invocado, y oraren, y buscaren mi rostro, y se convirtieren de sus malos caminos; entonces yo oir\u00e9 desde los cielos, y perdonar\u00e9 sus pecados, y sanar\u00e9 su tierra. <\/p>\n<p><strong>Sandra Jara &#8211; Ministerio Agua de Vida<\/strong><\/p>\n","protected":false},"excerpt":{"rendered":"<p>Buenos d\u00edas, hoy quiero invitarlas a que nos unamos en un solo coraz\u00f3n a pedirle a nuestro Dios por la Guajira donde hace m\u00e1s de dos a\u00f1os no llueve, los r\u00edos se han secado, la tierra ya no produce alimento y muchos ni\u00f1os Colombianos de la tribu de los Wayus mueren d\u00eda a d\u00eda de [&hellip;]<\/p>\n","protected":false},"author":3,"featured_media":0,"comment_status":"open","ping_status":"open","sticky":false,"template":"","format":"standard","meta":{"footnotes":""},"categories":[1],"tags":[],"class_list":["post-931","post","type-post","status-publish","format-standard","hentry","category-uncategorized"],"jetpack_featured_media_url":"","_links":{"self":[{"href":"http:\/\/www.ministerioaguadevida.net\/mujeres\/index.php?rest_route=\/wp\/v2\/posts\/931","targetHints":{"allow":["GET"]}}],"collection":[{"href":"http:\/\/www.ministerioaguadevida.net\/mujeres\/index.php?rest_route=\/wp\/v2\/posts"}],"about":[{"href":"http:\/\/www.ministerioaguadevida.net\/mujeres\/index.php?rest_route=\/wp\/v2\/types\/post"}],"author":[{"embeddable":true,"href":"http:\/\/www.ministerioaguadevida.net\/mujeres\/index.php?rest_route=\/wp\/v2\/users\/3"}],"replies":[{"embeddable":true,"href":"http:\/\/www.ministerioaguadevida.net\/mujeres\/index.php?rest_route=%2Fwp%2Fv2%2Fcomments&post=931"}],"version-history":[{"count":1,"href":"http:\/\/www.ministerioaguadevida.net\/mujeres\/index.php?rest_route=\/wp\/v2\/posts\/931\/revisions"}],"predecessor-version":[{"id":932,"href":"http:\/\/www.ministerioaguadevida.net\/mujeres\/index.php?rest_route=\/wp\/v2\/posts\/931\/revisions\/932"}],"wp:attachment":[{"href":"http:\/\/www.ministerioaguadevida.net\/mujeres\/index.php?rest_route=%2Fwp%2Fv2%2Fmedia&parent=931"}],"wp:term":[{"taxonomy":"category","embeddable":true,"href":"http:\/\/www.ministerioaguadevida.net\/mujeres\/index.php?rest_route=%2Fwp%2Fv2%2Fcategories&post=931"},{"taxonomy":"post_tag","embeddable":true,"href":"http:\/\/www.ministerioaguadevida.net\/mujeres\/index.php?rest_route=%2Fwp%2Fv2%2Ftags&post=931"}],"curies":[{"name":"wp","href":"https:\/\/api.w.org\/{rel}","templated":true}]}}