{"id":928,"date":"2016-04-26T11:30:50","date_gmt":"2016-04-26T16:30:50","guid":{"rendered":"http:\/\/www.ministerioaguadevida.net\/mujeres\/?p=928"},"modified":"2016-04-26T11:30:50","modified_gmt":"2016-04-26T16:30:50","slug":"de-quien-temere","status":"publish","type":"post","link":"http:\/\/www.ministerioaguadevida.net\/mujeres\/?p=928","title":{"rendered":"DE QUIEN TEMER\u00c9"},"content":{"rendered":"<p>Salmos 27:1<br \/>\nJehov\u00e1 es mi luz y mi salvaci\u00f3n; \u00bfde qui\u00e9n temer\u00e9?Jehov\u00e1 es la fortaleza de mi vida; \u00bfde qui\u00e9n he de atemorizarme?<\/p>\n<p>Buenas noches<br \/>\nSe acerca la hora de dormir y con la noche llegan tambi\u00e9n las preocupaciones y los temores al ma\u00f1ana que nos quitan el sue\u00f1o, pero hoy te invito a descansar confiadamente en Dios que es nuestra luz, salvaci\u00f3n y fortaleza, nada podr\u00e1 hacernos da\u00f1o y todo saldr\u00e1 bien porque El est\u00e1 aqu\u00ed.<br \/>\nDescansa<br \/>\n<strong>Sandra Milena Jara &#8211; Ministerio Agua de Vida<\/strong><\/p>\n","protected":false},"excerpt":{"rendered":"<p>Salmos 27:1 Jehov\u00e1 es mi luz y mi salvaci\u00f3n; \u00bfde qui\u00e9n temer\u00e9?Jehov\u00e1 es la fortaleza de mi vida; \u00bfde qui\u00e9n he de atemorizarme? Buenas noches Se acerca la hora de dormir y con la noche llegan tambi\u00e9n las preocupaciones y los temores al ma\u00f1ana que nos quitan el sue\u00f1o, pero hoy te invito a descansar [&hellip;]<\/p>\n","protected":false},"author":3,"featured_media":0,"comment_status":"open","ping_status":"open","sticky":false,"template":"","format":"standard","meta":{"footnotes":""},"categories":[1],"tags":[],"class_list":["post-928","post","type-post","status-publish","format-standard","hentry","category-uncategorized"],"jetpack_featured_media_url":"","_links":{"self":[{"href":"http:\/\/www.ministerioaguadevida.net\/mujeres\/index.php?rest_route=\/wp\/v2\/posts\/928","targetHints":{"allow":["GET"]}}],"collection":[{"href":"http:\/\/www.ministerioaguadevida.net\/mujeres\/index.php?rest_route=\/wp\/v2\/posts"}],"about":[{"href":"http:\/\/www.ministerioaguadevida.net\/mujeres\/index.php?rest_route=\/wp\/v2\/types\/post"}],"author":[{"embeddable":true,"href":"http:\/\/www.ministerioaguadevida.net\/mujeres\/index.php?rest_route=\/wp\/v2\/users\/3"}],"replies":[{"embeddable":true,"href":"http:\/\/www.ministerioaguadevida.net\/mujeres\/index.php?rest_route=%2Fwp%2Fv2%2Fcomments&post=928"}],"version-history":[{"count":1,"href":"http:\/\/www.ministerioaguadevida.net\/mujeres\/index.php?rest_route=\/wp\/v2\/posts\/928\/revisions"}],"predecessor-version":[{"id":929,"href":"http:\/\/www.ministerioaguadevida.net\/mujeres\/index.php?rest_route=\/wp\/v2\/posts\/928\/revisions\/929"}],"wp:attachment":[{"href":"http:\/\/www.ministerioaguadevida.net\/mujeres\/index.php?rest_route=%2Fwp%2Fv2%2Fmedia&parent=928"}],"wp:term":[{"taxonomy":"category","embeddable":true,"href":"http:\/\/www.ministerioaguadevida.net\/mujeres\/index.php?rest_route=%2Fwp%2Fv2%2Fcategories&post=928"},{"taxonomy":"post_tag","embeddable":true,"href":"http:\/\/www.ministerioaguadevida.net\/mujeres\/index.php?rest_route=%2Fwp%2Fv2%2Ftags&post=928"}],"curies":[{"name":"wp","href":"https:\/\/api.w.org\/{rel}","templated":true}]}}