{"id":800,"date":"2016-03-23T20:55:02","date_gmt":"2016-03-24T01:55:02","guid":{"rendered":"http:\/\/www.ministerioaguadevida.net\/mujeres\/?p=800"},"modified":"2016-03-23T20:55:02","modified_gmt":"2016-03-24T01:55:02","slug":"el-poder-de-la-oracion","status":"publish","type":"post","link":"http:\/\/www.ministerioaguadevida.net\/mujeres\/?p=800","title":{"rendered":"EL PODER DE LA ORACI\u00d3N"},"content":{"rendered":"<p>Jon\u00e1s2:1-3<br \/>\nEntonces or\u00f3 Jon\u00e1s a Jehov\u00e1 su Dios desde el vientre del pez, y dijo:<br \/>\nInvoqu\u00e9 en mi angustia a Jehov\u00e1, y \u00e9l me oy\u00f3; desde el seno del Seol clam\u00e9, y mi voz oiste. Me echaste a lo profundo, en medio de los mares , y me rode\u00f3 la corriente; todas tus ondas y tus olas pasaron sobre m\u00ed.<br \/>\nHermanas este pasaje nos habla de la importancia de estar orando, el poder de la oraci\u00f3n es un motivo \u00fanico para ser victoriosas en el Se\u00f1or, la oraci\u00f3n es comuni\u00f3n con el Padre, es un acto solemme en el cual hablamos con nuestro creador y es importante creer y entender que Dios esta junto a nosotras; cuando oremos creamos que Dios realmente esta presente a la necesidad de mi clamor.<\/p>\n<p>La oraci\u00f3n es vital y poderosa cuando yo oro esas palabras adquiere poder en la medida que activo mi fe \u00bb pero sin fe es imposible agradar a Dios\u00bb nuestra oraci\u00f3n debe ir acompa\u00f1ada de adoraci\u00f3n.<br \/>\nDaniel oraba tres veces al d\u00eda con acci\u00f3n de gracias, David fue un rey de Israel que ten\u00eda su coraz\u00f3n conforme al de Dios, mi oraci\u00f3n debe ser natural.<\/p>\n<p>Hermanas mi invitaci\u00f3n es para que busques a Dios en oraci\u00f3n y que te deleites en su presencia, un feliz d\u00eda para todas.<\/p>\n<p><strong>Cecilia Calder\u00f3n &#8211; Ministerio Agua de Vida<\/strong><\/p>\n","protected":false},"excerpt":{"rendered":"<p>Jon\u00e1s2:1-3 Entonces or\u00f3 Jon\u00e1s a Jehov\u00e1 su Dios desde el vientre del pez, y dijo: Invoqu\u00e9 en mi angustia a Jehov\u00e1, y \u00e9l me oy\u00f3; desde el seno del Seol clam\u00e9, y mi voz oiste. Me echaste a lo profundo, en medio de los mares , y me rode\u00f3 la corriente; todas tus ondas y [&hellip;]<\/p>\n","protected":false},"author":3,"featured_media":0,"comment_status":"open","ping_status":"open","sticky":false,"template":"","format":"standard","meta":{"footnotes":""},"categories":[1],"tags":[],"class_list":["post-800","post","type-post","status-publish","format-standard","hentry","category-uncategorized"],"jetpack_featured_media_url":"","_links":{"self":[{"href":"http:\/\/www.ministerioaguadevida.net\/mujeres\/index.php?rest_route=\/wp\/v2\/posts\/800","targetHints":{"allow":["GET"]}}],"collection":[{"href":"http:\/\/www.ministerioaguadevida.net\/mujeres\/index.php?rest_route=\/wp\/v2\/posts"}],"about":[{"href":"http:\/\/www.ministerioaguadevida.net\/mujeres\/index.php?rest_route=\/wp\/v2\/types\/post"}],"author":[{"embeddable":true,"href":"http:\/\/www.ministerioaguadevida.net\/mujeres\/index.php?rest_route=\/wp\/v2\/users\/3"}],"replies":[{"embeddable":true,"href":"http:\/\/www.ministerioaguadevida.net\/mujeres\/index.php?rest_route=%2Fwp%2Fv2%2Fcomments&post=800"}],"version-history":[{"count":1,"href":"http:\/\/www.ministerioaguadevida.net\/mujeres\/index.php?rest_route=\/wp\/v2\/posts\/800\/revisions"}],"predecessor-version":[{"id":801,"href":"http:\/\/www.ministerioaguadevida.net\/mujeres\/index.php?rest_route=\/wp\/v2\/posts\/800\/revisions\/801"}],"wp:attachment":[{"href":"http:\/\/www.ministerioaguadevida.net\/mujeres\/index.php?rest_route=%2Fwp%2Fv2%2Fmedia&parent=800"}],"wp:term":[{"taxonomy":"category","embeddable":true,"href":"http:\/\/www.ministerioaguadevida.net\/mujeres\/index.php?rest_route=%2Fwp%2Fv2%2Fcategories&post=800"},{"taxonomy":"post_tag","embeddable":true,"href":"http:\/\/www.ministerioaguadevida.net\/mujeres\/index.php?rest_route=%2Fwp%2Fv2%2Ftags&post=800"}],"curies":[{"name":"wp","href":"https:\/\/api.w.org\/{rel}","templated":true}]}}