{"id":770,"date":"2016-03-14T22:26:28","date_gmt":"2016-03-15T03:26:28","guid":{"rendered":"http:\/\/www.ministerioaguadevida.net\/mujeres\/?p=770"},"modified":"2016-03-14T22:26:28","modified_gmt":"2016-03-15T03:26:28","slug":"me-amas","status":"publish","type":"post","link":"http:\/\/www.ministerioaguadevida.net\/mujeres\/?p=770","title":{"rendered":"\u00bfME AMAS?"},"content":{"rendered":"<p>Bendiciones para todas mis hermanas.<br \/>\nHoy les voy a compartir sobre este precioso   pasaje, espero que sea de mucha bendici\u00f3n para todas nosotras :<br \/>\nJuan 21: 15-17.<br \/>\nCuando hubieron comido, Jes\u00fas dijo a Sim\u00f3n Pedro:Sim\u00f3n hijo de Jon\u00e1s \u00bfMe  amas mas que estos? Le respondi\u00f3 : Si Se\u00f1or; tu sabes que te amo.<br \/>\nEl le dijo: Apacienta mis corderos.<br \/>\nVolvi\u00f3 a decirle la segunda vez: Sim\u00f3n,hijo de Jonas, \u00bfMe amas? Pedro le respondi\u00f3: Si , Se\u00f1or;tu sabes que te amo. Le dijo: Pastorea mis ovejas. Le dijo la tercera vez: Sim\u00f3n,hijo de Jon\u00e1s, \u00bfMe amas?Pedro se entristeci\u00f3 de que le dijese la tercera vez: \u00bfMe amas? Y le respondi\u00f3: Se\u00f1or,t\u00fa lo sabes todo; t\u00fa  sabes que te amo. Jes\u00fas le dijo:Apacienta mis ovejas. <\/p>\n<p>\u00bfME AMAS? Dice la Palabra de Dios que est\u00e1 era la tercera vez que Jes\u00fas se manifiesta a sus disc\u00edpulos.Vemos que primero les bendijo con el desayuno, les quit\u00f3 el hambre, les  quit\u00f3 el fr\u00edo de toda una noche, mand\u00f3 traer los peces bien cerca para mostrarle a  Pedro sobre la exhortaci\u00f3n que le iba a hacer porque Pedro fue el de  la idea de irse a pescar y detr\u00e1s de \u00e9l se fueron los dem\u00e1s. El pens\u00f3 \u00abbueno el Se\u00f1or resucit\u00f3, se fue al cielo, puedo dedicarme a lo anterior, al pasado. Pero no se  acord\u00f3 que el Se\u00f1or lo hab\u00eda preparado como pescador de almas y por eso le dice tres veces Pedro \u00bfme amas mas que estos pescados? Pedro  cuida las almas que te voy dando no las descu\u00eddes. Pensemos antes de dar un paso no sea que lo demos mal y le fallemos al Se\u00f1or .Cuidemos el ministerio que Dios nos ha dado, sirvamos con amor. Feliz d\u00eda que el Se\u00f1or nos guarde. Am\u00e9n.<\/p>\n<p><strong>Susana Rosas &#8211;  Ministerio Agua de Vida<\/strong><\/p>\n","protected":false},"excerpt":{"rendered":"<p>Bendiciones para todas mis hermanas. Hoy les voy a compartir sobre este precioso pasaje, espero que sea de mucha bendici\u00f3n para todas nosotras : Juan 21: 15-17. Cuando hubieron comido, Jes\u00fas dijo a Sim\u00f3n Pedro:Sim\u00f3n hijo de Jon\u00e1s \u00bfMe amas mas que estos? Le respondi\u00f3 : Si Se\u00f1or; tu sabes que te amo. El le [&hellip;]<\/p>\n","protected":false},"author":3,"featured_media":0,"comment_status":"open","ping_status":"open","sticky":false,"template":"","format":"standard","meta":{"footnotes":""},"categories":[1],"tags":[],"class_list":["post-770","post","type-post","status-publish","format-standard","hentry","category-uncategorized"],"jetpack_featured_media_url":"","_links":{"self":[{"href":"http:\/\/www.ministerioaguadevida.net\/mujeres\/index.php?rest_route=\/wp\/v2\/posts\/770","targetHints":{"allow":["GET"]}}],"collection":[{"href":"http:\/\/www.ministerioaguadevida.net\/mujeres\/index.php?rest_route=\/wp\/v2\/posts"}],"about":[{"href":"http:\/\/www.ministerioaguadevida.net\/mujeres\/index.php?rest_route=\/wp\/v2\/types\/post"}],"author":[{"embeddable":true,"href":"http:\/\/www.ministerioaguadevida.net\/mujeres\/index.php?rest_route=\/wp\/v2\/users\/3"}],"replies":[{"embeddable":true,"href":"http:\/\/www.ministerioaguadevida.net\/mujeres\/index.php?rest_route=%2Fwp%2Fv2%2Fcomments&post=770"}],"version-history":[{"count":1,"href":"http:\/\/www.ministerioaguadevida.net\/mujeres\/index.php?rest_route=\/wp\/v2\/posts\/770\/revisions"}],"predecessor-version":[{"id":771,"href":"http:\/\/www.ministerioaguadevida.net\/mujeres\/index.php?rest_route=\/wp\/v2\/posts\/770\/revisions\/771"}],"wp:attachment":[{"href":"http:\/\/www.ministerioaguadevida.net\/mujeres\/index.php?rest_route=%2Fwp%2Fv2%2Fmedia&parent=770"}],"wp:term":[{"taxonomy":"category","embeddable":true,"href":"http:\/\/www.ministerioaguadevida.net\/mujeres\/index.php?rest_route=%2Fwp%2Fv2%2Fcategories&post=770"},{"taxonomy":"post_tag","embeddable":true,"href":"http:\/\/www.ministerioaguadevida.net\/mujeres\/index.php?rest_route=%2Fwp%2Fv2%2Ftags&post=770"}],"curies":[{"name":"wp","href":"https:\/\/api.w.org\/{rel}","templated":true}]}}