{"id":684,"date":"2015-12-23T11:09:20","date_gmt":"2015-12-23T16:09:20","guid":{"rendered":"http:\/\/www.ministerioaguadevida.net\/mujeres\/?p=684"},"modified":"2015-12-23T11:09:20","modified_gmt":"2015-12-23T16:09:20","slug":"dios-levanta-mi-cabeza","status":"publish","type":"post","link":"http:\/\/www.ministerioaguadevida.net\/mujeres\/?p=684","title":{"rendered":"DIOS LEVANTA MI CABEZA"},"content":{"rendered":"<p>\u00a1Oh Jehov\u00e1, cu\u00e1nto se han multiplicado mis adversarios!Muchos son los que se levantan contra m\u00ed. Muchos son los que dicen de m\u00ed:No hay para \u00e9l salvaci\u00f3n en Dios. Selah Mas t\u00fa, Jehov\u00e1, eres escudo alrededor de m\u00ed;Mi gloria, y el que levanta mi cabeza.<br \/>\nSalmos 3:1-3<\/p>\n<p>Hay momentos en nuestra vida en los que nos sentimos atrapados, en los que nuestras fuerzas y nuestra inteligencia no son suficientes. Donde sentimos que hemos llegado al final del camino y no hay salida. Donde los enemigos de nuestra alma se burlan de nosotros y las circunstancias nos dicen que ya no hay esperanza. Aun algunas personas pueden ver nuestra situaci\u00f3n y decir: No hay para el o ella salvaci\u00f3n en Dios. <\/p>\n<p>Pero dejame decirte que Dios nunca nos abandona. Si las circunstancias nos hacen agachar la cabeza, \u00c9l con sus manos de Padre amoroso y Dios fuerte, nos la levanta nuevamente y nos dice: \u201dYo soy tu escudo, yo estoy contigo, lev\u00e1ntate, no temas. Hay un camino, hay una salida. Yo soy tu salida.\u201d<br \/>\nNo escuches a la gente, no escuches a tus adversarios. Dios siempre tiene una salida y tu problema, tu circunstancia no es la excepci\u00f3n. Hoy te invito a levantarte con fe, \u00c9l har\u00e1 algo nuevo hoy.<\/p>\n<p><strong>Sandra Milena Jara &#8211; Ministerio Agua de Vida<\/strong><\/p>\n","protected":false},"excerpt":{"rendered":"<p>\u00a1Oh Jehov\u00e1, cu\u00e1nto se han multiplicado mis adversarios!Muchos son los que se levantan contra m\u00ed. Muchos son los que dicen de m\u00ed:No hay para \u00e9l salvaci\u00f3n en Dios. Selah Mas t\u00fa, Jehov\u00e1, eres escudo alrededor de m\u00ed;Mi gloria, y el que levanta mi cabeza. Salmos 3:1-3 Hay momentos en nuestra vida en los que nos [&hellip;]<\/p>\n","protected":false},"author":3,"featured_media":0,"comment_status":"open","ping_status":"open","sticky":false,"template":"","format":"standard","meta":{"footnotes":""},"categories":[1],"tags":[],"class_list":["post-684","post","type-post","status-publish","format-standard","hentry","category-uncategorized"],"jetpack_featured_media_url":"","_links":{"self":[{"href":"http:\/\/www.ministerioaguadevida.net\/mujeres\/index.php?rest_route=\/wp\/v2\/posts\/684","targetHints":{"allow":["GET"]}}],"collection":[{"href":"http:\/\/www.ministerioaguadevida.net\/mujeres\/index.php?rest_route=\/wp\/v2\/posts"}],"about":[{"href":"http:\/\/www.ministerioaguadevida.net\/mujeres\/index.php?rest_route=\/wp\/v2\/types\/post"}],"author":[{"embeddable":true,"href":"http:\/\/www.ministerioaguadevida.net\/mujeres\/index.php?rest_route=\/wp\/v2\/users\/3"}],"replies":[{"embeddable":true,"href":"http:\/\/www.ministerioaguadevida.net\/mujeres\/index.php?rest_route=%2Fwp%2Fv2%2Fcomments&post=684"}],"version-history":[{"count":1,"href":"http:\/\/www.ministerioaguadevida.net\/mujeres\/index.php?rest_route=\/wp\/v2\/posts\/684\/revisions"}],"predecessor-version":[{"id":685,"href":"http:\/\/www.ministerioaguadevida.net\/mujeres\/index.php?rest_route=\/wp\/v2\/posts\/684\/revisions\/685"}],"wp:attachment":[{"href":"http:\/\/www.ministerioaguadevida.net\/mujeres\/index.php?rest_route=%2Fwp%2Fv2%2Fmedia&parent=684"}],"wp:term":[{"taxonomy":"category","embeddable":true,"href":"http:\/\/www.ministerioaguadevida.net\/mujeres\/index.php?rest_route=%2Fwp%2Fv2%2Fcategories&post=684"},{"taxonomy":"post_tag","embeddable":true,"href":"http:\/\/www.ministerioaguadevida.net\/mujeres\/index.php?rest_route=%2Fwp%2Fv2%2Ftags&post=684"}],"curies":[{"name":"wp","href":"https:\/\/api.w.org\/{rel}","templated":true}]}}