{"id":664,"date":"2015-12-11T22:11:51","date_gmt":"2015-12-12T03:11:51","guid":{"rendered":"http:\/\/www.ministerioaguadevida.net\/mujeres\/?p=664"},"modified":"2015-12-11T22:13:00","modified_gmt":"2015-12-12T03:13:00","slug":"yo-os-dare-descanso","status":"publish","type":"post","link":"http:\/\/www.ministerioaguadevida.net\/mujeres\/?p=664","title":{"rendered":"YO OS DARE DESCANSO"},"content":{"rendered":"<p>\u00abVenid a m\u00ed todos los que est\u00e1is trabajados y cargados, y yo os har\u00e9 descansar<br \/>\nLlevad mi yugo sobre vosotros y aprended de mi, que soy manso y humilde de coraz\u00f3n; y hallar\u00e9is descanso para vuestras almas; porque mi yugo es f\u00e1cil, y ligera mi carga\u00bb.<br \/>\nMateo 11:28 -30<br \/>\nEn esta porci\u00f3n de la palabra se nos habla de la importancia que es trabajar para Dios, este trabajo implica predicar la palabra, orar por el perdido, por el enfermo, por las necesidades que hay cada d\u00eda, visitar los presos y llevarlos al arrepentimiento.<br \/>\nDios nos manda a trabajar arduamente, debemos darle sentido a nuestra labor; muchas veces nos enfrascamos en pedirle a Dios pero no actuamos y es hay cuando  viene el desanimo, el temor, sentimos que Dios no nos escucha.<br \/>\nDios nos manda a trabajar a diario ya sea para ganar el sustento, o porque debemos responder por un hogar, debemos ser cuidadosas en esta labor que no haya queja de nosotras pero tambi\u00e9n debemos trabajar para la obra de Dios hacerlo con diligencia y alegria.<br \/>\nBusquemos primero a Dios que lo demas viene por a\u00f1adidura.<br \/>\nEl secreto es honrar a Dios antes que cualquier otra cosa asi recibiremos bendici\u00f3n.<br \/>\nFeliz d\u00eda  bendiciones para todas.<br \/>\n<strong>Cecilia Calder\u00f3n &#8211; Ministerio Agua de Vida<\/strong><\/p>\n","protected":false},"excerpt":{"rendered":"<p>\u00abVenid a m\u00ed todos los que est\u00e1is trabajados y cargados, y yo os har\u00e9 descansar Llevad mi yugo sobre vosotros y aprended de mi, que soy manso y humilde de coraz\u00f3n; y hallar\u00e9is descanso para vuestras almas; porque mi yugo es f\u00e1cil, y ligera mi carga\u00bb. Mateo 11:28 -30 En esta porci\u00f3n de la palabra [&hellip;]<\/p>\n","protected":false},"author":3,"featured_media":0,"comment_status":"open","ping_status":"open","sticky":false,"template":"","format":"standard","meta":{"footnotes":""},"categories":[1],"tags":[],"class_list":["post-664","post","type-post","status-publish","format-standard","hentry","category-uncategorized"],"jetpack_featured_media_url":"","_links":{"self":[{"href":"http:\/\/www.ministerioaguadevida.net\/mujeres\/index.php?rest_route=\/wp\/v2\/posts\/664","targetHints":{"allow":["GET"]}}],"collection":[{"href":"http:\/\/www.ministerioaguadevida.net\/mujeres\/index.php?rest_route=\/wp\/v2\/posts"}],"about":[{"href":"http:\/\/www.ministerioaguadevida.net\/mujeres\/index.php?rest_route=\/wp\/v2\/types\/post"}],"author":[{"embeddable":true,"href":"http:\/\/www.ministerioaguadevida.net\/mujeres\/index.php?rest_route=\/wp\/v2\/users\/3"}],"replies":[{"embeddable":true,"href":"http:\/\/www.ministerioaguadevida.net\/mujeres\/index.php?rest_route=%2Fwp%2Fv2%2Fcomments&post=664"}],"version-history":[{"count":1,"href":"http:\/\/www.ministerioaguadevida.net\/mujeres\/index.php?rest_route=\/wp\/v2\/posts\/664\/revisions"}],"predecessor-version":[{"id":665,"href":"http:\/\/www.ministerioaguadevida.net\/mujeres\/index.php?rest_route=\/wp\/v2\/posts\/664\/revisions\/665"}],"wp:attachment":[{"href":"http:\/\/www.ministerioaguadevida.net\/mujeres\/index.php?rest_route=%2Fwp%2Fv2%2Fmedia&parent=664"}],"wp:term":[{"taxonomy":"category","embeddable":true,"href":"http:\/\/www.ministerioaguadevida.net\/mujeres\/index.php?rest_route=%2Fwp%2Fv2%2Fcategories&post=664"},{"taxonomy":"post_tag","embeddable":true,"href":"http:\/\/www.ministerioaguadevida.net\/mujeres\/index.php?rest_route=%2Fwp%2Fv2%2Ftags&post=664"}],"curies":[{"name":"wp","href":"https:\/\/api.w.org\/{rel}","templated":true}]}}