{"id":574,"date":"2015-11-05T08:14:48","date_gmt":"2015-11-05T13:14:48","guid":{"rendered":"http:\/\/www.ministerioaguadevida.net\/mujeres\/?p=574"},"modified":"2015-11-16T12:48:13","modified_gmt":"2015-11-16T17:48:13","slug":"despojate-de-la-carga-y-alaba-a-dios","status":"publish","type":"post","link":"http:\/\/www.ministerioaguadevida.net\/mujeres\/?p=574","title":{"rendered":"DESP\u00d3JATE DE LA CARGA Y ALABA A DIOS"},"content":{"rendered":"<p>\u00abJes\u00fas le dijo: Amar\u00e1s al Se\u00f1or tu Dios con todo tu coraz\u00f3n, y con toda tu alma y con toda tu mente\u00bb<br \/>\nMateo 22:37<br \/>\n Cuando el creyente es expuesto a pruebas desagradables y no ha obtenido lo que esperaba de parte de Dios, puede desarrollarse endurecimiento en su coraz\u00f3n y as\u00ed su alabanza es silenciada.<br \/>\nAquellos labios que antes bendec\u00edan se convierten en un manantial de quejas. Lejos de reconocer todo el bien que recibe de parte de Dios cuando se esta as\u00ed nos enfocamos en lo que aparentemente esta mal, solo miramos los obst\u00e1culos y problemas donde Dios quiere actuar pero cuando el coraz\u00f3n esta  mal solo se mirar\u00e0 oscuridad donde hay luz.<\/p>\n<p>Cuando el creyente cambia las palabras de alabanza por pesimismo as\u00ed Dios lo este ayudando no lo vemos porque la queja a producido inseguridad en nosotros y se a levantado una barrera por causa de mis palabras.<br \/>\nPara remediar esta situaci\u00f3n debo reconocer mis faltas y comenzar a cultivar la gratitud esta me vuelve a acercar a Dios.<br \/>\nLas escrituras nos ense\u00f1an que Dios habita en medio de la alabanza, cuando lo alabo y dependo de \u00e9l  Dios me da la victoria.<br \/>\nQuerida hermana si has permitido que entre a tu coraz\u00f3n la queja, el pesimismo, la rebeldia o la incomformidad rechacemos estas cosas y permitamos que Dios act\u00fae en nuestras vidas.<br \/>\nDeseo que cada una sea bendecida y prosperada en este d\u00eda. Dios las bendiga.<br \/>\n<strong>Fabiola Vargas &#8211; Ministerio Agua de Vida<\/strong><\/p>\n","protected":false},"excerpt":{"rendered":"<p>\u00abJes\u00fas le dijo: Amar\u00e1s al Se\u00f1or tu Dios con todo tu coraz\u00f3n, y con toda tu alma y con toda tu mente\u00bb Mateo 22:37 Cuando el creyente es expuesto a pruebas desagradables y no ha obtenido lo que esperaba de parte de Dios, puede desarrollarse endurecimiento en su coraz\u00f3n y as\u00ed su alabanza es silenciada. [&hellip;]<\/p>\n","protected":false},"author":3,"featured_media":0,"comment_status":"open","ping_status":"open","sticky":false,"template":"","format":"standard","meta":{"footnotes":""},"categories":[3,1],"tags":[24,22],"class_list":["post-574","post","type-post","status-publish","format-standard","hentry","category-devocional-diario","category-uncategorized","tag-alaba-a-dios","tag-reflexiones-cristianas-para-mujeres"],"jetpack_featured_media_url":"","_links":{"self":[{"href":"http:\/\/www.ministerioaguadevida.net\/mujeres\/index.php?rest_route=\/wp\/v2\/posts\/574","targetHints":{"allow":["GET"]}}],"collection":[{"href":"http:\/\/www.ministerioaguadevida.net\/mujeres\/index.php?rest_route=\/wp\/v2\/posts"}],"about":[{"href":"http:\/\/www.ministerioaguadevida.net\/mujeres\/index.php?rest_route=\/wp\/v2\/types\/post"}],"author":[{"embeddable":true,"href":"http:\/\/www.ministerioaguadevida.net\/mujeres\/index.php?rest_route=\/wp\/v2\/users\/3"}],"replies":[{"embeddable":true,"href":"http:\/\/www.ministerioaguadevida.net\/mujeres\/index.php?rest_route=%2Fwp%2Fv2%2Fcomments&post=574"}],"version-history":[{"count":1,"href":"http:\/\/www.ministerioaguadevida.net\/mujeres\/index.php?rest_route=\/wp\/v2\/posts\/574\/revisions"}],"predecessor-version":[{"id":575,"href":"http:\/\/www.ministerioaguadevida.net\/mujeres\/index.php?rest_route=\/wp\/v2\/posts\/574\/revisions\/575"}],"wp:attachment":[{"href":"http:\/\/www.ministerioaguadevida.net\/mujeres\/index.php?rest_route=%2Fwp%2Fv2%2Fmedia&parent=574"}],"wp:term":[{"taxonomy":"category","embeddable":true,"href":"http:\/\/www.ministerioaguadevida.net\/mujeres\/index.php?rest_route=%2Fwp%2Fv2%2Fcategories&post=574"},{"taxonomy":"post_tag","embeddable":true,"href":"http:\/\/www.ministerioaguadevida.net\/mujeres\/index.php?rest_route=%2Fwp%2Fv2%2Ftags&post=574"}],"curies":[{"name":"wp","href":"https:\/\/api.w.org\/{rel}","templated":true}]}}