{"id":540,"date":"2015-10-26T22:14:47","date_gmt":"2015-10-27T03:14:47","guid":{"rendered":"http:\/\/www.ministerioaguadevida.net\/mujeres\/?p=540"},"modified":"2015-10-26T22:14:47","modified_gmt":"2015-10-27T03:14:47","slug":"jehova-es-mi-escudo","status":"publish","type":"post","link":"http:\/\/www.ministerioaguadevida.net\/mujeres\/?p=540","title":{"rendered":"JEHOV\u00c0 ES MI ESCUDO"},"content":{"rendered":"<p>\u00abMas t\u00fa, Jehov\u00e0 eres escudo al rededor de m\u00ed; Mi gloria , y el que levanta mi cabeza.<br \/>\nCon mi voz clam\u00e9 a Jehov\u00e1, y \u00e9l me respondi\u00f3 desde su monte santo.<br \/>\nYo me acost\u00e9 y dormi, y despert\u00e9, porque Jehov\u00e1 me sustentaba\u00bb<br \/>\nSalmos 3:3-5<br \/>\nBuenos d\u00edas hermanas la palabra de nuestro Dios nos habla que debemos estar firmes y sin desmayar porque \u00e9l es nuestro escudo y torre fuerte.<br \/>\n Las invito a que permanezcamos unidas,   venceremos si estamos orando por nuestras familias y congregaci\u00f3n, acordemonos del que esta desempleado y tambi\u00e9n por el apartado ya que con Cristo somos mas que vencedoras. Un feliz d\u00eda para todas<br \/>\n<strong>Cecilia Calder\u00f3n &#8211; Ministerio Agua de Vida<\/strong><\/p>\n","protected":false},"excerpt":{"rendered":"<p>\u00abMas t\u00fa, Jehov\u00e0 eres escudo al rededor de m\u00ed; Mi gloria , y el que levanta mi cabeza. Con mi voz clam\u00e9 a Jehov\u00e1, y \u00e9l me respondi\u00f3 desde su monte santo. Yo me acost\u00e9 y dormi, y despert\u00e9, porque Jehov\u00e1 me sustentaba\u00bb Salmos 3:3-5 Buenos d\u00edas hermanas la palabra de nuestro Dios nos habla [&hellip;]<\/p>\n","protected":false},"author":3,"featured_media":0,"comment_status":"open","ping_status":"open","sticky":false,"template":"","format":"standard","meta":{"footnotes":""},"categories":[1],"tags":[],"class_list":["post-540","post","type-post","status-publish","format-standard","hentry","category-uncategorized"],"jetpack_featured_media_url":"","_links":{"self":[{"href":"http:\/\/www.ministerioaguadevida.net\/mujeres\/index.php?rest_route=\/wp\/v2\/posts\/540","targetHints":{"allow":["GET"]}}],"collection":[{"href":"http:\/\/www.ministerioaguadevida.net\/mujeres\/index.php?rest_route=\/wp\/v2\/posts"}],"about":[{"href":"http:\/\/www.ministerioaguadevida.net\/mujeres\/index.php?rest_route=\/wp\/v2\/types\/post"}],"author":[{"embeddable":true,"href":"http:\/\/www.ministerioaguadevida.net\/mujeres\/index.php?rest_route=\/wp\/v2\/users\/3"}],"replies":[{"embeddable":true,"href":"http:\/\/www.ministerioaguadevida.net\/mujeres\/index.php?rest_route=%2Fwp%2Fv2%2Fcomments&post=540"}],"version-history":[{"count":1,"href":"http:\/\/www.ministerioaguadevida.net\/mujeres\/index.php?rest_route=\/wp\/v2\/posts\/540\/revisions"}],"predecessor-version":[{"id":541,"href":"http:\/\/www.ministerioaguadevida.net\/mujeres\/index.php?rest_route=\/wp\/v2\/posts\/540\/revisions\/541"}],"wp:attachment":[{"href":"http:\/\/www.ministerioaguadevida.net\/mujeres\/index.php?rest_route=%2Fwp%2Fv2%2Fmedia&parent=540"}],"wp:term":[{"taxonomy":"category","embeddable":true,"href":"http:\/\/www.ministerioaguadevida.net\/mujeres\/index.php?rest_route=%2Fwp%2Fv2%2Fcategories&post=540"},{"taxonomy":"post_tag","embeddable":true,"href":"http:\/\/www.ministerioaguadevida.net\/mujeres\/index.php?rest_route=%2Fwp%2Fv2%2Ftags&post=540"}],"curies":[{"name":"wp","href":"https:\/\/api.w.org\/{rel}","templated":true}]}}