{"id":475,"date":"2015-10-12T07:26:00","date_gmt":"2015-10-12T12:26:00","guid":{"rendered":"http:\/\/www.ministerioaguadevida.net\/mujeres\/?p=475"},"modified":"2015-11-16T12:56:01","modified_gmt":"2015-11-16T17:56:01","slug":"poniendo-en-orden-las-prioridades","status":"publish","type":"post","link":"http:\/\/www.ministerioaguadevida.net\/mujeres\/?p=475","title":{"rendered":"PONIENDO EN ORDEN LAS PRIORIDADES"},"content":{"rendered":"<p><strong>\u00a0<\/strong><\/p>\n<p><strong><sup>\u00a0\u201c<\/sup><\/strong><strong>Y amar\u00e1s a Jehov\u00e1 tu Dios de todo tu coraz\u00f3n, y de toda tu alma, y con todas tus fuerzas\u201d Deuteronomio 6:5<\/strong><\/p>\n<p>&nbsp;<\/p>\n<p>Si est\u00e1s leyendo hoy esta reflexi\u00f3n y en tu coraz\u00f3n existe el genuino deseo de ensanchar tu tienda, de ser de bendici\u00f3n a otros, de cumplir tu prop\u00f3sito y alumbrar para la gloria de Dios, hay un paso fundamental que no puedes eludir y es que tu vida tenga en orden las prioridades<\/p>\n<p>&nbsp;<\/p>\n<p>Darle el primer lugar a Dios en el coraz\u00f3n no es opcional, es mandatorio para todos aquellos que decimos conocerle y para todo aquel que este acerc\u00e1ndose a \u00c9l.<\/p>\n<ol>\n<li>\u00bfSe est\u00e1 apagando tu fe?<\/li>\n<li>\u00bfDices estar cansada o cansado de que Dios no responda?<\/li>\n<li>\u00bfDios sigue siendo importante, pero est\u00e1s ocupado resolviendo tus problemas?<\/li>\n<li>\u00bfNo encuentra Dios espacio en tu agenda pero si en tus reclamos?<\/li>\n<\/ol>\n<p>&nbsp;<\/p>\n<p>He caminado m\u00e1s de dos d\u00e9cadas con el Se\u00f1or y le puedo asegurar algo: Dios no pide mucho, Dios lo pide todo, pero tambi\u00e9n es eternamente fiel y recompensa mucho m\u00e1s abundantemente de lo que pides o entiendes.<\/p>\n<p>Termino dici\u00e9ndole que: nada le da m\u00e1s forma a nuestra vida que los compromisos que asumimos, ellos servir\u00e1n para tu desarrollo o para tu destrucci\u00f3n. Alguien dijo dime con que estas comprometido y te dir\u00e9 quien ser\u00e1s en 10 a\u00f1os<\/p>\n<p>\u00a1Que nuestro primer compromiso sea con \u00c9l!<\/p>\n<p>Bendiciones en este d\u00eda<\/p>\n<p>Alejandro Vargas<\/p>\n<p>&nbsp;<\/p>\n<p>Les comparto un v\u00eddeo clip de la canci\u00f3n \u00abSinceridad\u00bb de Rabito (Juan Carlos Fern\u00e1ndez)<br \/>\n<iframe loading=\"lazy\" src=\"https:\/\/www.youtube.com\/embed\/bWxiSMNb0uc?rel=0\" width=\"320\" height=\"240\" frameborder=\"0\" allowfullscreen=\"allowfullscreen\"><\/iframe><\/p>\n","protected":false},"excerpt":{"rendered":"<p>\u00a0 \u00a0\u201cY amar\u00e1s a Jehov\u00e1 tu Dios de todo tu coraz\u00f3n, y de toda tu alma, y con todas tus fuerzas\u201d Deuteronomio 6:5 &nbsp; Si est\u00e1s leyendo hoy esta reflexi\u00f3n y en tu coraz\u00f3n existe el genuino deseo de ensanchar tu tienda, de ser de bendici\u00f3n a otros, de cumplir tu prop\u00f3sito y alumbrar para [&hellip;]<\/p>\n","protected":false},"author":1,"featured_media":0,"comment_status":"open","ping_status":"open","sticky":false,"template":"","format":"standard","meta":{"footnotes":""},"categories":[3],"tags":[31,30,29,33,32,22,35,34],"class_list":["post-475","post","type-post","status-publish","format-standard","hentry","category-devocional-diario","tag-con-todo-tu-corazon","tag-deuteronomio-65","tag-devocional-diario","tag-dios-lo-pide-todo","tag-no-tengo-tiempo-para-dios","tag-reflexiones-cristianas-para-mujeres","tag-se-apaga-mi-fe","tag-sinceridad"],"jetpack_featured_media_url":"","_links":{"self":[{"href":"http:\/\/www.ministerioaguadevida.net\/mujeres\/index.php?rest_route=\/wp\/v2\/posts\/475","targetHints":{"allow":["GET"]}}],"collection":[{"href":"http:\/\/www.ministerioaguadevida.net\/mujeres\/index.php?rest_route=\/wp\/v2\/posts"}],"about":[{"href":"http:\/\/www.ministerioaguadevida.net\/mujeres\/index.php?rest_route=\/wp\/v2\/types\/post"}],"author":[{"embeddable":true,"href":"http:\/\/www.ministerioaguadevida.net\/mujeres\/index.php?rest_route=\/wp\/v2\/users\/1"}],"replies":[{"embeddable":true,"href":"http:\/\/www.ministerioaguadevida.net\/mujeres\/index.php?rest_route=%2Fwp%2Fv2%2Fcomments&post=475"}],"version-history":[{"count":4,"href":"http:\/\/www.ministerioaguadevida.net\/mujeres\/index.php?rest_route=\/wp\/v2\/posts\/475\/revisions"}],"predecessor-version":[{"id":480,"href":"http:\/\/www.ministerioaguadevida.net\/mujeres\/index.php?rest_route=\/wp\/v2\/posts\/475\/revisions\/480"}],"wp:attachment":[{"href":"http:\/\/www.ministerioaguadevida.net\/mujeres\/index.php?rest_route=%2Fwp%2Fv2%2Fmedia&parent=475"}],"wp:term":[{"taxonomy":"category","embeddable":true,"href":"http:\/\/www.ministerioaguadevida.net\/mujeres\/index.php?rest_route=%2Fwp%2Fv2%2Fcategories&post=475"},{"taxonomy":"post_tag","embeddable":true,"href":"http:\/\/www.ministerioaguadevida.net\/mujeres\/index.php?rest_route=%2Fwp%2Fv2%2Ftags&post=475"}],"curies":[{"name":"wp","href":"https:\/\/api.w.org\/{rel}","templated":true}]}}