{"id":471,"date":"2015-09-29T08:45:43","date_gmt":"2015-09-29T13:45:43","guid":{"rendered":"http:\/\/www.ministerioaguadevida.net\/mujeres\/?p=471"},"modified":"2015-09-29T08:46:47","modified_gmt":"2015-09-29T13:46:47","slug":"hambre-y-sed-de-dios","status":"publish","type":"post","link":"http:\/\/www.ministerioaguadevida.net\/mujeres\/?p=471","title":{"rendered":"Hambre y Sed de Dios."},"content":{"rendered":"<p>He aqu\u00ed vienen d\u00edas,dice Jehov\u00e1 el Se\u00f1or,en los cuales enviar\u00e9 hambre a la Tierra,no hambre de pan,ni sed de agua, sino de o\u00edr la palabra de Dios. El profeta Am\u00f3s nos esta indicando como orar por los familiares, los amigos, el sector donde vivimos, los vecinos donde esta la iglesia.<br \/>\nOremos porque Dios ponga hambre y sed de o\u00edr la palabra y entenderla.Entramos a un mes lindo,como es el de la  Santa Biblia pero tambi\u00e9n a pelear contra el  enemigo  espiritual.<br \/>\nLa \u00fanica esperanza es  Dios y la oraci\u00f3n  pidamos por \u00e9sa hambre y sed  espiritual  aun para permanecer en el Se\u00f1or y servir con amor. Red de mujeres he aprendido mucho de ustedes. Este devocional es una forma para Dios ocuparnos.Oremos, Adelante , feliz semana para todas. Bendiciones<br \/>\n<strong>Susana Rosas &#8211; Ministerio Agua de Vida<\/strong><\/p>\n","protected":false},"excerpt":{"rendered":"<p>He aqu\u00ed vienen d\u00edas,dice Jehov\u00e1 el Se\u00f1or,en los cuales enviar\u00e9 hambre a la Tierra,no hambre de pan,ni sed de agua, sino de o\u00edr la palabra de Dios. El profeta Am\u00f3s nos esta indicando como orar por los familiares, los amigos, el sector donde vivimos, los vecinos donde esta la iglesia. Oremos porque Dios ponga hambre [&hellip;]<\/p>\n","protected":false},"author":3,"featured_media":0,"comment_status":"open","ping_status":"open","sticky":false,"template":"","format":"standard","meta":{"footnotes":""},"categories":[1],"tags":[],"class_list":["post-471","post","type-post","status-publish","format-standard","hentry","category-uncategorized"],"jetpack_featured_media_url":"","_links":{"self":[{"href":"http:\/\/www.ministerioaguadevida.net\/mujeres\/index.php?rest_route=\/wp\/v2\/posts\/471","targetHints":{"allow":["GET"]}}],"collection":[{"href":"http:\/\/www.ministerioaguadevida.net\/mujeres\/index.php?rest_route=\/wp\/v2\/posts"}],"about":[{"href":"http:\/\/www.ministerioaguadevida.net\/mujeres\/index.php?rest_route=\/wp\/v2\/types\/post"}],"author":[{"embeddable":true,"href":"http:\/\/www.ministerioaguadevida.net\/mujeres\/index.php?rest_route=\/wp\/v2\/users\/3"}],"replies":[{"embeddable":true,"href":"http:\/\/www.ministerioaguadevida.net\/mujeres\/index.php?rest_route=%2Fwp%2Fv2%2Fcomments&post=471"}],"version-history":[{"count":1,"href":"http:\/\/www.ministerioaguadevida.net\/mujeres\/index.php?rest_route=\/wp\/v2\/posts\/471\/revisions"}],"predecessor-version":[{"id":472,"href":"http:\/\/www.ministerioaguadevida.net\/mujeres\/index.php?rest_route=\/wp\/v2\/posts\/471\/revisions\/472"}],"wp:attachment":[{"href":"http:\/\/www.ministerioaguadevida.net\/mujeres\/index.php?rest_route=%2Fwp%2Fv2%2Fmedia&parent=471"}],"wp:term":[{"taxonomy":"category","embeddable":true,"href":"http:\/\/www.ministerioaguadevida.net\/mujeres\/index.php?rest_route=%2Fwp%2Fv2%2Fcategories&post=471"},{"taxonomy":"post_tag","embeddable":true,"href":"http:\/\/www.ministerioaguadevida.net\/mujeres\/index.php?rest_route=%2Fwp%2Fv2%2Ftags&post=471"}],"curies":[{"name":"wp","href":"https:\/\/api.w.org\/{rel}","templated":true}]}}