{"id":467,"date":"2015-09-29T08:43:30","date_gmt":"2015-09-29T13:43:30","guid":{"rendered":"http:\/\/www.ministerioaguadevida.net\/mujeres\/?p=467"},"modified":"2015-09-29T08:43:41","modified_gmt":"2015-09-29T13:43:41","slug":"que-la-gloria-de-dios-resplandezca","status":"publish","type":"post","link":"http:\/\/www.ministerioaguadevida.net\/mujeres\/?p=467","title":{"rendered":"QUE LA GLORIA DE DIOS RESPLANDEZCA"},"content":{"rendered":"<p>Hoy es el d\u00eda de levantarse con la seguridad de qu\u00e9 Dios esta con nosotras, el nos dice en esta ma\u00f1ana: \u00abtoma mis fuerzas porque sobre ti resplandece mi Gloria, no temas porque yo Jehov\u00e1 estoy contigo\u00bb. Hay momentos en los que nos faltan las fuerzas y el des\u00e1nimo nos debilita pero Dios nos ama y es grato disfrutar de ese resplandor que el nos ofrece. Quiz\u00e1s en esta hora no quieras levantarte porque el d\u00eda se torna dif\u00edcil pero hay alguien m\u00e1s poderoso y se llama Dios.  As\u00ed que lev\u00e1ntate y que la Gloria de Dios resplandezca sobre ti. Que hoy sea un d\u00eda grato para todas. Bendiciones\u2600????<\/p>\n<p><strong>Ledis Rodr\u00edguez &#8211; Ministerio Agua de Vida<\/strong><\/p>\n","protected":false},"excerpt":{"rendered":"<p>Hoy es el d\u00eda de levantarse con la seguridad de qu\u00e9 Dios esta con nosotras, el nos dice en esta ma\u00f1ana: \u00abtoma mis fuerzas porque sobre ti resplandece mi Gloria, no temas porque yo Jehov\u00e1 estoy contigo\u00bb. Hay momentos en los que nos faltan las fuerzas y el des\u00e1nimo nos debilita pero Dios nos ama [&hellip;]<\/p>\n","protected":false},"author":3,"featured_media":0,"comment_status":"open","ping_status":"open","sticky":false,"template":"","format":"standard","meta":{"footnotes":""},"categories":[1],"tags":[],"class_list":["post-467","post","type-post","status-publish","format-standard","hentry","category-uncategorized"],"jetpack_featured_media_url":"","_links":{"self":[{"href":"http:\/\/www.ministerioaguadevida.net\/mujeres\/index.php?rest_route=\/wp\/v2\/posts\/467","targetHints":{"allow":["GET"]}}],"collection":[{"href":"http:\/\/www.ministerioaguadevida.net\/mujeres\/index.php?rest_route=\/wp\/v2\/posts"}],"about":[{"href":"http:\/\/www.ministerioaguadevida.net\/mujeres\/index.php?rest_route=\/wp\/v2\/types\/post"}],"author":[{"embeddable":true,"href":"http:\/\/www.ministerioaguadevida.net\/mujeres\/index.php?rest_route=\/wp\/v2\/users\/3"}],"replies":[{"embeddable":true,"href":"http:\/\/www.ministerioaguadevida.net\/mujeres\/index.php?rest_route=%2Fwp%2Fv2%2Fcomments&post=467"}],"version-history":[{"count":2,"href":"http:\/\/www.ministerioaguadevida.net\/mujeres\/index.php?rest_route=\/wp\/v2\/posts\/467\/revisions"}],"predecessor-version":[{"id":469,"href":"http:\/\/www.ministerioaguadevida.net\/mujeres\/index.php?rest_route=\/wp\/v2\/posts\/467\/revisions\/469"}],"wp:attachment":[{"href":"http:\/\/www.ministerioaguadevida.net\/mujeres\/index.php?rest_route=%2Fwp%2Fv2%2Fmedia&parent=467"}],"wp:term":[{"taxonomy":"category","embeddable":true,"href":"http:\/\/www.ministerioaguadevida.net\/mujeres\/index.php?rest_route=%2Fwp%2Fv2%2Fcategories&post=467"},{"taxonomy":"post_tag","embeddable":true,"href":"http:\/\/www.ministerioaguadevida.net\/mujeres\/index.php?rest_route=%2Fwp%2Fv2%2Ftags&post=467"}],"curies":[{"name":"wp","href":"https:\/\/api.w.org\/{rel}","templated":true}]}}