{"id":46,"date":"2015-05-05T18:48:14","date_gmt":"2015-05-05T23:48:14","guid":{"rendered":"http:\/\/www.ministerioaguadevida.net\/mujeres\/?p=46"},"modified":"2015-11-16T18:59:19","modified_gmt":"2015-11-16T23:59:19","slug":"dios-y-mi-desierto","status":"publish","type":"post","link":"http:\/\/www.ministerioaguadevida.net\/mujeres\/?p=46","title":{"rendered":"Dios y mi desierto"},"content":{"rendered":"<p style=\"text-align: center;\"><strong>\u201cPero he aqu\u00ed que yo la atraer\u00e9 y la llevar\u00e9 al desierto, y hablar\u00e9 a su coraz\u00f3n\u201d Oseas 2:14<\/strong><\/p>\n<p>El Se\u00f1or permite en los desiertos espirituales momentos que desaf\u00edan nuestra fe para que nos demos cuenta que la \u00fanica fuente de nuestra provisi\u00f3n es \u00c9l. Es en esos momentos cuando nadie entiende o comprende por lo que estamos pasando cuando debemos cavar profundo y profundizar nuestra comuni\u00f3n con Dios.<\/p>\n<div style=\"width: 193px\" class=\"wp-caption alignleft\"><img loading=\"lazy\" decoding=\"async\" class=\"\" src=\"http:\/\/ministerioaguadevida.net\/portal\/images\/stories\/agua-en-el-desierto.jpg\" alt=\"\" width=\"183\" height=\"275\" \/><p class=\"wp-caption-text\">Agua en el desierto<\/p><\/div>\n<p>Apreciada lectora si atraviesas hoy uno de esos desiertos espirituales, no reniegues, no conf\u00edes en tus fuerzas, guarda silencio ante Dios y esc\u00fachalo, \u00c9l tiene mucho que decir a tu vida.<br \/>\nAquellos que permanecen fieles en el desierto son bendecidos y ungidos poderosamente.<br \/>\n\u00a1Animo! Dios tiene cuidado de ti y de los tuyos<br \/>\nTermino citando al fallecido predicador norteamericano, David Wilkerson<\/p>\n<p>\u00abMe pregunto si los \u00e1ngeles est\u00e1n desconcertados por todas las preocupaciones y ansiedades de aquellos que profesan confiar en Dios. Para ellos ha de ser muy degradante y tan insultante al Se\u00f1or, que nos preocupemos como si no tuvi\u00e9ramos un Padre cari\u00f1oso en el cielo. T\u00fa tienes un Padre celestial. \u00a1Conf\u00eda en \u00e9l!\u00bb. David Wilkerson (1931 \u2013 2011)<\/p>\n<p>Bendiciones<br \/>\nAlejandro Vargas<\/p>\n<p>Pastor General Comunidad Cristiana Agua de Vida<\/p>\n<p>&nbsp;<\/p>\n","protected":false},"excerpt":{"rendered":"<p>\u201cPero he aqu\u00ed que yo la atraer\u00e9 y la llevar\u00e9 al desierto, y hablar\u00e9 a su coraz\u00f3n\u201d Oseas 2:14 El Se\u00f1or permite en los desiertos espirituales momentos que desaf\u00edan nuestra fe para que nos demos cuenta que la \u00fanica fuente de nuestra provisi\u00f3n es \u00c9l. Es en esos momentos cuando nadie entiende o comprende por [&hellip;]<\/p>\n","protected":false},"author":1,"featured_media":0,"comment_status":"open","ping_status":"open","sticky":false,"template":"","format":"standard","meta":{"footnotes":""},"categories":[3,1],"tags":[18,31,59,7,60,22],"class_list":["post-46","post","type-post","status-publish","format-standard","hentry","category-devocional-diario","category-uncategorized","tag-alejandro-vargas","tag-con-todo-tu-corazon","tag-desierto-espiritual","tag-devocional-del-dia","tag-oseas-214","tag-reflexiones-cristianas-para-mujeres"],"jetpack_featured_media_url":"","_links":{"self":[{"href":"http:\/\/www.ministerioaguadevida.net\/mujeres\/index.php?rest_route=\/wp\/v2\/posts\/46","targetHints":{"allow":["GET"]}}],"collection":[{"href":"http:\/\/www.ministerioaguadevida.net\/mujeres\/index.php?rest_route=\/wp\/v2\/posts"}],"about":[{"href":"http:\/\/www.ministerioaguadevida.net\/mujeres\/index.php?rest_route=\/wp\/v2\/types\/post"}],"author":[{"embeddable":true,"href":"http:\/\/www.ministerioaguadevida.net\/mujeres\/index.php?rest_route=\/wp\/v2\/users\/1"}],"replies":[{"embeddable":true,"href":"http:\/\/www.ministerioaguadevida.net\/mujeres\/index.php?rest_route=%2Fwp%2Fv2%2Fcomments&post=46"}],"version-history":[{"count":3,"href":"http:\/\/www.ministerioaguadevida.net\/mujeres\/index.php?rest_route=\/wp\/v2\/posts\/46\/revisions"}],"predecessor-version":[{"id":594,"href":"http:\/\/www.ministerioaguadevida.net\/mujeres\/index.php?rest_route=\/wp\/v2\/posts\/46\/revisions\/594"}],"wp:attachment":[{"href":"http:\/\/www.ministerioaguadevida.net\/mujeres\/index.php?rest_route=%2Fwp%2Fv2%2Fmedia&parent=46"}],"wp:term":[{"taxonomy":"category","embeddable":true,"href":"http:\/\/www.ministerioaguadevida.net\/mujeres\/index.php?rest_route=%2Fwp%2Fv2%2Fcategories&post=46"},{"taxonomy":"post_tag","embeddable":true,"href":"http:\/\/www.ministerioaguadevida.net\/mujeres\/index.php?rest_route=%2Fwp%2Fv2%2Ftags&post=46"}],"curies":[{"name":"wp","href":"https:\/\/api.w.org\/{rel}","templated":true}]}}