{"id":447,"date":"2015-09-22T20:11:15","date_gmt":"2015-09-23T01:11:15","guid":{"rendered":"http:\/\/www.ministerioaguadevida.net\/mujeres\/?p=447"},"modified":"2015-09-22T20:13:49","modified_gmt":"2015-09-23T01:13:49","slug":"da-gracias","status":"publish","type":"post","link":"http:\/\/www.ministerioaguadevida.net\/mujeres\/?p=447","title":{"rendered":"DA GRACIAS"},"content":{"rendered":"<p>Efesios 5:20<br \/>\nDando siempre gracias por todo al Dios y Padre, en el Nombre del Se\u00f1or Jesucristo<\/p>\n<p>La palabra de Dios nos ense\u00f1a a sentir Paz y Alegr\u00eda en nuestros corazones, Dios nos invita a no preocuparnos por nuestro ma\u00f1ana ya que si confiamos en El, El se hace cargo de nuestras vidas, por esta raz\u00f3n y por el gran amor que nos tiene debemos aprender a tener un coraz\u00f3n agradecido, a dar dar las gracias en todo momento, por eso sin importar la situaci\u00f3n en la que nos encontremos dale Gracias a Nuestro Amado Padre por que El tiene un Plan Perfecto para cada uno de nosotros.<\/p>\n<p>Estamos en tiempo de oraci\u00f3n hoy te invito a que te tomes tan solo un momento y agradece a Nuestro Dios Padre por cada cosa que ha hecho en tu vida.<\/p>\n<p>Amado padre ens\u00e9\u00f1anos a entregarte por completo nuestro coraz\u00f3n, que cada uno de nosotros este dispuesto hacerlo por que hoy entiendo que Contigo en lugar de obst\u00e1culos hay alternativas y oportunidades. Te pido que nos ende\u00f1es a permanecer fiel a Ti tanto en los tiempos buenos como en los de prueba. Danos un coraz\u00f3n que descansa en Tu Fidelidad.<\/p>\n<p>Gracias Padre por Tu Gran Amor Incondicional. Amen<br \/>\n<strong>Katherine Villamarin &#8211; Ministerio Agua de Vida<\/strong><\/p>\n","protected":false},"excerpt":{"rendered":"<p>Efesios 5:20 Dando siempre gracias por todo al Dios y Padre, en el Nombre del Se\u00f1or Jesucristo La palabra de Dios nos ense\u00f1a a sentir Paz y Alegr\u00eda en nuestros corazones, Dios nos invita a no preocuparnos por nuestro ma\u00f1ana ya que si confiamos en El, El se hace cargo de nuestras vidas, por esta [&hellip;]<\/p>\n","protected":false},"author":3,"featured_media":0,"comment_status":"open","ping_status":"open","sticky":false,"template":"","format":"standard","meta":{"footnotes":""},"categories":[1],"tags":[],"class_list":["post-447","post","type-post","status-publish","format-standard","hentry","category-uncategorized"],"jetpack_featured_media_url":"","_links":{"self":[{"href":"http:\/\/www.ministerioaguadevida.net\/mujeres\/index.php?rest_route=\/wp\/v2\/posts\/447","targetHints":{"allow":["GET"]}}],"collection":[{"href":"http:\/\/www.ministerioaguadevida.net\/mujeres\/index.php?rest_route=\/wp\/v2\/posts"}],"about":[{"href":"http:\/\/www.ministerioaguadevida.net\/mujeres\/index.php?rest_route=\/wp\/v2\/types\/post"}],"author":[{"embeddable":true,"href":"http:\/\/www.ministerioaguadevida.net\/mujeres\/index.php?rest_route=\/wp\/v2\/users\/3"}],"replies":[{"embeddable":true,"href":"http:\/\/www.ministerioaguadevida.net\/mujeres\/index.php?rest_route=%2Fwp%2Fv2%2Fcomments&post=447"}],"version-history":[{"count":3,"href":"http:\/\/www.ministerioaguadevida.net\/mujeres\/index.php?rest_route=\/wp\/v2\/posts\/447\/revisions"}],"predecessor-version":[{"id":450,"href":"http:\/\/www.ministerioaguadevida.net\/mujeres\/index.php?rest_route=\/wp\/v2\/posts\/447\/revisions\/450"}],"wp:attachment":[{"href":"http:\/\/www.ministerioaguadevida.net\/mujeres\/index.php?rest_route=%2Fwp%2Fv2%2Fmedia&parent=447"}],"wp:term":[{"taxonomy":"category","embeddable":true,"href":"http:\/\/www.ministerioaguadevida.net\/mujeres\/index.php?rest_route=%2Fwp%2Fv2%2Fcategories&post=447"},{"taxonomy":"post_tag","embeddable":true,"href":"http:\/\/www.ministerioaguadevida.net\/mujeres\/index.php?rest_route=%2Fwp%2Fv2%2Ftags&post=447"}],"curies":[{"name":"wp","href":"https:\/\/api.w.org\/{rel}","templated":true}]}}