{"id":407,"date":"2015-09-01T18:27:18","date_gmt":"2015-09-01T23:27:18","guid":{"rendered":"http:\/\/www.ministerioaguadevida.net\/mujeres\/?p=407"},"modified":"2015-11-16T13:06:43","modified_gmt":"2015-11-16T18:06:43","slug":"alimentando-mi-espiritu","status":"publish","type":"post","link":"http:\/\/www.ministerioaguadevida.net\/mujeres\/?p=407","title":{"rendered":"ALIMENTANDO MI ESPIRITU"},"content":{"rendered":"<p>Entre tanto que voy, oc\u00fapate en la lectura, la exhortaci\u00f3n y la ense\u00f1anza. No descuides el don que hay en ti, que te fue dado mediante profec\u00eda con la imposici\u00f3n de las manos del presbiterio.<br \/>\n1 Timoteo 4:13-14<\/p>\n<p>Dios a cada una de nosotras nos ha dado dones, habilidades y nos ha llamado a trabajar en su vi\u00f1a, pero para esto es importante prepararnos, leer la palabra y dar lo mejor de nosotros en cualquier cosa que realicemos.<\/p>\n<p>La palabra de Dios nos insta a cuidar, los dones, a ocuparnos de las cosas de Dios con excelencia. No es hora de esperar ni de dormir, es tiempo de avanzar y de extender el reino de Dios. Trabajemos juntos en este prop\u00f3sito.<\/p>\n<p><strong>Sandra Jara &#8211; Ministerio Agua De Vida<\/strong><\/p>\n","protected":false},"excerpt":{"rendered":"<p>Entre tanto que voy, oc\u00fapate en la lectura, la exhortaci\u00f3n y la ense\u00f1anza. No descuides el don que hay en ti, que te fue dado mediante profec\u00eda con la imposici\u00f3n de las manos del presbiterio. 1 Timoteo 4:13-14 Dios a cada una de nosotras nos ha dado dones, habilidades y nos ha llamado a trabajar [&hellip;]<\/p>\n","protected":false},"author":3,"featured_media":0,"comment_status":"open","ping_status":"open","sticky":false,"template":"","format":"standard","meta":{"footnotes":""},"categories":[3,1],"tags":[7,54,22,44],"class_list":["post-407","post","type-post","status-publish","format-standard","hentry","category-devocional-diario","category-uncategorized","tag-devocional-del-dia","tag-no-descuides-tu-don","tag-reflexiones-cristianas-para-mujeres","tag-sandra-jara"],"jetpack_featured_media_url":"","_links":{"self":[{"href":"http:\/\/www.ministerioaguadevida.net\/mujeres\/index.php?rest_route=\/wp\/v2\/posts\/407","targetHints":{"allow":["GET"]}}],"collection":[{"href":"http:\/\/www.ministerioaguadevida.net\/mujeres\/index.php?rest_route=\/wp\/v2\/posts"}],"about":[{"href":"http:\/\/www.ministerioaguadevida.net\/mujeres\/index.php?rest_route=\/wp\/v2\/types\/post"}],"author":[{"embeddable":true,"href":"http:\/\/www.ministerioaguadevida.net\/mujeres\/index.php?rest_route=\/wp\/v2\/users\/3"}],"replies":[{"embeddable":true,"href":"http:\/\/www.ministerioaguadevida.net\/mujeres\/index.php?rest_route=%2Fwp%2Fv2%2Fcomments&post=407"}],"version-history":[{"count":1,"href":"http:\/\/www.ministerioaguadevida.net\/mujeres\/index.php?rest_route=\/wp\/v2\/posts\/407\/revisions"}],"predecessor-version":[{"id":408,"href":"http:\/\/www.ministerioaguadevida.net\/mujeres\/index.php?rest_route=\/wp\/v2\/posts\/407\/revisions\/408"}],"wp:attachment":[{"href":"http:\/\/www.ministerioaguadevida.net\/mujeres\/index.php?rest_route=%2Fwp%2Fv2%2Fmedia&parent=407"}],"wp:term":[{"taxonomy":"category","embeddable":true,"href":"http:\/\/www.ministerioaguadevida.net\/mujeres\/index.php?rest_route=%2Fwp%2Fv2%2Fcategories&post=407"},{"taxonomy":"post_tag","embeddable":true,"href":"http:\/\/www.ministerioaguadevida.net\/mujeres\/index.php?rest_route=%2Fwp%2Fv2%2Ftags&post=407"}],"curies":[{"name":"wp","href":"https:\/\/api.w.org\/{rel}","templated":true}]}}