{"id":342,"date":"2015-08-04T20:37:01","date_gmt":"2015-08-05T01:37:01","guid":{"rendered":"http:\/\/www.ministerioaguadevida.net\/mujeres\/?p=342"},"modified":"2015-08-04T20:37:01","modified_gmt":"2015-08-05T01:37:01","slug":"la-sal-de-la-tierra","status":"publish","type":"post","link":"http:\/\/www.ministerioaguadevida.net\/mujeres\/?p=342","title":{"rendered":"La Sal De La Tierra"},"content":{"rendered":"<p>Muy buenos d\u00edas el vers\u00edculo para el conversatorio del d\u00eda  de hoy se encuentra en:   Mateo 5:13                               \u00abVosotros sois la sal de la tierra; pero si la sal se desvaneciere, con qu\u00e9 ser\u00e1 salada?  No sirve m\u00e1s para nada,  sino para ser echada fuera y hollada por los hombres\u00bb  Espero que podamos meditar hoy en la palabra y podamos compartir nuestras opiniones. Que tengan un excelente d\u00eda.<br \/>\n Bendiciones.<br \/>\n<strong>Fabiola Vargas &#8211; Ministerio Agua de Vida<\/strong><\/p>\n","protected":false},"excerpt":{"rendered":"<p>Muy buenos d\u00edas el vers\u00edculo para el conversatorio del d\u00eda de hoy se encuentra en: Mateo 5:13 \u00abVosotros sois la sal de la tierra; pero si la sal se desvaneciere, con qu\u00e9 ser\u00e1 salada? No sirve m\u00e1s para nada, sino para ser echada fuera y hollada por los hombres\u00bb Espero que podamos meditar hoy en [&hellip;]<\/p>\n","protected":false},"author":3,"featured_media":0,"comment_status":"open","ping_status":"open","sticky":false,"template":"","format":"standard","meta":{"footnotes":""},"categories":[1],"tags":[],"class_list":["post-342","post","type-post","status-publish","format-standard","hentry","category-uncategorized"],"jetpack_featured_media_url":"","_links":{"self":[{"href":"http:\/\/www.ministerioaguadevida.net\/mujeres\/index.php?rest_route=\/wp\/v2\/posts\/342","targetHints":{"allow":["GET"]}}],"collection":[{"href":"http:\/\/www.ministerioaguadevida.net\/mujeres\/index.php?rest_route=\/wp\/v2\/posts"}],"about":[{"href":"http:\/\/www.ministerioaguadevida.net\/mujeres\/index.php?rest_route=\/wp\/v2\/types\/post"}],"author":[{"embeddable":true,"href":"http:\/\/www.ministerioaguadevida.net\/mujeres\/index.php?rest_route=\/wp\/v2\/users\/3"}],"replies":[{"embeddable":true,"href":"http:\/\/www.ministerioaguadevida.net\/mujeres\/index.php?rest_route=%2Fwp%2Fv2%2Fcomments&post=342"}],"version-history":[{"count":1,"href":"http:\/\/www.ministerioaguadevida.net\/mujeres\/index.php?rest_route=\/wp\/v2\/posts\/342\/revisions"}],"predecessor-version":[{"id":343,"href":"http:\/\/www.ministerioaguadevida.net\/mujeres\/index.php?rest_route=\/wp\/v2\/posts\/342\/revisions\/343"}],"wp:attachment":[{"href":"http:\/\/www.ministerioaguadevida.net\/mujeres\/index.php?rest_route=%2Fwp%2Fv2%2Fmedia&parent=342"}],"wp:term":[{"taxonomy":"category","embeddable":true,"href":"http:\/\/www.ministerioaguadevida.net\/mujeres\/index.php?rest_route=%2Fwp%2Fv2%2Fcategories&post=342"},{"taxonomy":"post_tag","embeddable":true,"href":"http:\/\/www.ministerioaguadevida.net\/mujeres\/index.php?rest_route=%2Fwp%2Fv2%2Ftags&post=342"}],"curies":[{"name":"wp","href":"https:\/\/api.w.org\/{rel}","templated":true}]}}