{"id":340,"date":"2015-08-04T20:16:49","date_gmt":"2015-08-05T01:16:49","guid":{"rendered":"http:\/\/www.ministerioaguadevida.net\/mujeres\/?p=340"},"modified":"2015-08-04T20:16:49","modified_gmt":"2015-08-05T01:16:49","slug":"ire-contigo","status":"publish","type":"post","link":"http:\/\/www.ministerioaguadevida.net\/mujeres\/?p=340","title":{"rendered":"IRE CONTIGO"},"content":{"rendered":"<p>Y \u00e9l dijo: Mi presencia ir\u00e1 contigo, y te dar\u00e9 descanso. Y Mois\u00e9s respondi\u00f3: Si tu presencia no ha de ir conmigo, no nos saques de aqu\u00ed. \u00bfY en qu\u00e9 se conocer\u00e1 aqu\u00ed que he hallado gracia en tus ojos, yo y tu pueblo, sino en que t\u00fa andes con nosotros, y que yo y tu pueblo seamos apartados de todos los pueblos que est\u00e1n sobre la faz de la tierra? Y Jehov\u00e1 dijo a Mois\u00e9s: Tambi\u00e9n har\u00e9 esto que has dicho, por cuanto has hallado gracia en mis ojos, y te he conocido por tu nombre.<br \/>\n\u00c9xodo 33:14-17<\/p>\n<p>Es hermoso caminar en la voluntad de Dios. Recorrer su senda, asegurarse de que el es nuestro compa\u00f1ero de viaje.<br \/>\nMois\u00e9s le dijo a Dios: \u00absi tu presencia no ha de ir conmigo, no me saques de aqu\u00ed\u00bb. Que oraci\u00f3n tan sabia. Mois\u00e9s sab\u00eda que sin importar lo duro del camino  y los obst\u00e1culos que pudiera encontrar, si Dios estaba con el. Todo lo podr\u00eda vencer, todo lo podr\u00eda lograr. <\/p>\n<p>Hoy al iniciar este d\u00eda encomendemonos a Dios y pidamosle que nos ense\u00f1e el camino. <\/p>\n<p>Si has tenido d\u00edas dif\u00edciles, si has sentido desmayar o tienes miedo de ir a tu lugar de trabajo. Buscale y escucha hoy su dulce voz dici\u00e9ndote \u00abmi presencia ir\u00e1 contigo y te dar\u00e9 descanso\u00bb . <\/p>\n<p>Que la paz y la presencia de Dios esten hoy con cada una de nosotras. Am\u00e9n  <\/p>\n<p><strong>Sandra Milena Jara &#8211; Ministerio Agua de Vida<\/strong><\/p>\n","protected":false},"excerpt":{"rendered":"<p>Y \u00e9l dijo: Mi presencia ir\u00e1 contigo, y te dar\u00e9 descanso. Y Mois\u00e9s respondi\u00f3: Si tu presencia no ha de ir conmigo, no nos saques de aqu\u00ed. \u00bfY en qu\u00e9 se conocer\u00e1 aqu\u00ed que he hallado gracia en tus ojos, yo y tu pueblo, sino en que t\u00fa andes con nosotros, y que yo y [&hellip;]<\/p>\n","protected":false},"author":3,"featured_media":0,"comment_status":"open","ping_status":"open","sticky":false,"template":"","format":"standard","meta":{"footnotes":""},"categories":[1],"tags":[],"class_list":["post-340","post","type-post","status-publish","format-standard","hentry","category-uncategorized"],"jetpack_featured_media_url":"","_links":{"self":[{"href":"http:\/\/www.ministerioaguadevida.net\/mujeres\/index.php?rest_route=\/wp\/v2\/posts\/340","targetHints":{"allow":["GET"]}}],"collection":[{"href":"http:\/\/www.ministerioaguadevida.net\/mujeres\/index.php?rest_route=\/wp\/v2\/posts"}],"about":[{"href":"http:\/\/www.ministerioaguadevida.net\/mujeres\/index.php?rest_route=\/wp\/v2\/types\/post"}],"author":[{"embeddable":true,"href":"http:\/\/www.ministerioaguadevida.net\/mujeres\/index.php?rest_route=\/wp\/v2\/users\/3"}],"replies":[{"embeddable":true,"href":"http:\/\/www.ministerioaguadevida.net\/mujeres\/index.php?rest_route=%2Fwp%2Fv2%2Fcomments&post=340"}],"version-history":[{"count":1,"href":"http:\/\/www.ministerioaguadevida.net\/mujeres\/index.php?rest_route=\/wp\/v2\/posts\/340\/revisions"}],"predecessor-version":[{"id":341,"href":"http:\/\/www.ministerioaguadevida.net\/mujeres\/index.php?rest_route=\/wp\/v2\/posts\/340\/revisions\/341"}],"wp:attachment":[{"href":"http:\/\/www.ministerioaguadevida.net\/mujeres\/index.php?rest_route=%2Fwp%2Fv2%2Fmedia&parent=340"}],"wp:term":[{"taxonomy":"category","embeddable":true,"href":"http:\/\/www.ministerioaguadevida.net\/mujeres\/index.php?rest_route=%2Fwp%2Fv2%2Fcategories&post=340"},{"taxonomy":"post_tag","embeddable":true,"href":"http:\/\/www.ministerioaguadevida.net\/mujeres\/index.php?rest_route=%2Fwp%2Fv2%2Ftags&post=340"}],"curies":[{"name":"wp","href":"https:\/\/api.w.org\/{rel}","templated":true}]}}