{"id":284,"date":"2015-07-07T21:28:03","date_gmt":"2015-07-08T02:28:03","guid":{"rendered":"http:\/\/www.ministerioaguadevida.net\/mujeres\/?p=284"},"modified":"2015-11-16T19:04:47","modified_gmt":"2015-11-17T00:04:47","slug":"confiando-aun-sin-fuerzas","status":"publish","type":"post","link":"http:\/\/www.ministerioaguadevida.net\/mujeres\/?p=284","title":{"rendered":"Confiando a\u00fan sin fuerzas"},"content":{"rendered":"<p><span style=\"color: #000000;\"><span style=\"font-family: 'Helvetica Neue', Helvetica, Arial, sans-serif;\"><span style=\"font-size: small;\">1. \u00bfHasta cu\u00e1ndo, Jehov\u00e1? \u00bfMe olvidar\u00e1s para siempre?<br \/>\n\u00bfHasta cu\u00e1ndo esconder\u00e1s tu rostro de m\u00ed?<\/span><\/span><\/span><\/p>\n<p><a target=\"_blank\" name=\"es-RVR1960-14077\"><\/a><span style=\"color: #000000;\"><span style=\"font-family: 'Helvetica Neue', Helvetica, Arial, sans-serif;\"><span style=\"font-size: small;\"><span style=\"font-family: Arial;\"><span style=\"font-size: small;\"><b>2\u00a0<\/b><\/span><\/span>\u00bfHasta cu\u00e1ndo pondr\u00e9 consejos en mi alma,<br \/>\nCon tristezas en mi coraz\u00f3n cada d\u00eda?<br \/>\n\u00bfHasta cu\u00e1ndo ser\u00e1 enaltecido mi enemigo sobre m\u00ed?<\/span><\/span><\/span><\/p>\n<p><a target=\"_blank\" name=\"es-RVR1960-14078\"><\/a><span style=\"color: #000000;\"><span style=\"font-family: 'Helvetica Neue', Helvetica, Arial, sans-serif;\"><span style=\"font-size: small;\"><span style=\"font-family: Arial;\"><span style=\"font-size: small;\"><b>3\u00a0<\/b><\/span><\/span>Mira, resp\u00f3ndeme, oh Jehov\u00e1 Dios m\u00edo;<br \/>\nAlumbra mis ojos, para que no duerma de muerte;<\/span><\/span><\/span><\/p>\n<p><a target=\"_blank\" name=\"es-RVR1960-14079\"><\/a><span style=\"color: #000000;\"><span style=\"font-family: 'Helvetica Neue', Helvetica, Arial, sans-serif;\"><span style=\"font-size: small;\"><span style=\"font-family: Arial;\"><span style=\"font-size: small;\"><b>4\u00a0<\/b><\/span><\/span>Para que no diga mi enemigo: Lo venc\u00ed.<br \/>\nMis enemigos se alegrar\u00edan, si yo resbalara.<\/span><\/span><\/span><\/p>\n<p><a target=\"_blank\" name=\"es-RVR1960-14080\"><\/a><span style=\"color: #000000;\"><span style=\"font-family: 'Helvetica Neue', Helvetica, Arial, sans-serif;\"><span style=\"font-size: small;\"><span style=\"font-family: Arial;\"><span style=\"font-size: small;\"><b>5\u00a0<\/b><\/span><\/span>Mas yo en tu misericordia he confiado;<br \/>\nMi coraz\u00f3n se alegrar\u00e1 en tu salvaci\u00f3n.<\/span><\/span><\/span><\/p>\n<p><a target=\"_blank\" name=\"es-RVR1960-14081\"><\/a><span style=\"color: #000000;\"><span style=\"font-family: 'Helvetica Neue', Helvetica, Arial, sans-serif;\"><span style=\"font-size: small;\"><span style=\"font-family: Arial;\"><span style=\"font-size: small;\"><b>6\u00a0<\/b><\/span><\/span>Cantar\u00e9 a Jehov\u00e1,<br \/>\nPorque me ha hecho bien. Salmos 13<\/span><\/span><\/span><\/p>\n<p>\u00bfHas dudado alguna vez de la bondad de Dios? \u00bfCrees que \u00c9l no te escucha?<\/p>\n<p>\u00bfLe has reclamado porque parece ser ajeno a tu dolor?<\/p>\n<p>\u00bfTe deprimes a lo largo del d\u00eda mientras busca una soluci\u00f3n r\u00e1pida a tus problemas?<\/p>\n<p>No eres la primera persona que atraviesa por ese tipo de sensaciones. Es una etapa conocida como el silencio de Dios, la noche oscura del alma. De pronto pasas por d\u00edas en los cuales lamentas tu situaci\u00f3n o intentas buscar a Dios pero desanimas por que un nuevo problema, un nuevo comentario, una nueva desilusi\u00f3n te golpea.<\/p>\n<p>No te rindas, la perseverancia, el recordar las respuestas de Dios en el pasado y el gozarnos en Dios as\u00ed las circunstancias sean duras son la clave de la salida. David expres\u00f3 Cantar\u00e9 a Jehov\u00e1 porque me ha hecho bien. Te invito a cantar, a agradecer en medio de tu prueba. Dios te sostendr\u00e1 y honrar\u00e1 tu fidelidad si eres capaz de confiar en el d\u00eda malo.<\/p>\n<p>Bendiciones en el Se\u00f1or<\/p>\n<p>Alejandro Vargas<\/p>\n<p>No olvides ver este v\u00eddeo<\/p>\n<p><a href=\"https:\/\/www.youtube.com\/watch?v=pRV1J5Keok4\" target=\"_blank\">https:\/\/www.youtube.com\/watch?v=pRV1J5Keok4<\/a><\/p>\n<p><iframe loading=\"lazy\" src=\"https:\/\/www.youtube.com\/embed\/ZBe7BSVvtsY\" width=\"252\" height=\"189\" frameborder=\"0\"><\/iframe><\/p>\n","protected":false},"excerpt":{"rendered":"<p>1. \u00bfHasta cu\u00e1ndo, Jehov\u00e1? \u00bfMe olvidar\u00e1s para siempre? \u00bfHasta cu\u00e1ndo esconder\u00e1s tu rostro de m\u00ed? 2\u00a0\u00bfHasta cu\u00e1ndo pondr\u00e9 consejos en mi alma, Con tristezas en mi coraz\u00f3n cada d\u00eda? \u00bfHasta cu\u00e1ndo ser\u00e1 enaltecido mi enemigo sobre m\u00ed? 3\u00a0Mira, resp\u00f3ndeme, oh Jehov\u00e1 Dios m\u00edo; Alumbra mis ojos, para que no duerma de muerte; 4\u00a0Para que no [&hellip;]<\/p>\n","protected":false},"author":2,"featured_media":0,"comment_status":"open","ping_status":"open","sticky":false,"template":"","format":"standard","meta":{"footnotes":""},"categories":[3],"tags":[18,65,7,57,64,22,66],"class_list":["post-284","post","type-post","status-publish","format-standard","hentry","category-devocional-diario","tag-alejandro-vargas","tag-confiando-en-dios","tag-devocional-del-dia","tag-dios-no-te-escucha","tag-no-tengo-fuerzas","tag-reflexiones-cristianas-para-mujeres","tag-silencio-de-dios"],"jetpack_featured_media_url":"","_links":{"self":[{"href":"http:\/\/www.ministerioaguadevida.net\/mujeres\/index.php?rest_route=\/wp\/v2\/posts\/284","targetHints":{"allow":["GET"]}}],"collection":[{"href":"http:\/\/www.ministerioaguadevida.net\/mujeres\/index.php?rest_route=\/wp\/v2\/posts"}],"about":[{"href":"http:\/\/www.ministerioaguadevida.net\/mujeres\/index.php?rest_route=\/wp\/v2\/types\/post"}],"author":[{"embeddable":true,"href":"http:\/\/www.ministerioaguadevida.net\/mujeres\/index.php?rest_route=\/wp\/v2\/users\/2"}],"replies":[{"embeddable":true,"href":"http:\/\/www.ministerioaguadevida.net\/mujeres\/index.php?rest_route=%2Fwp%2Fv2%2Fcomments&post=284"}],"version-history":[{"count":5,"href":"http:\/\/www.ministerioaguadevida.net\/mujeres\/index.php?rest_route=\/wp\/v2\/posts\/284\/revisions"}],"predecessor-version":[{"id":596,"href":"http:\/\/www.ministerioaguadevida.net\/mujeres\/index.php?rest_route=\/wp\/v2\/posts\/284\/revisions\/596"}],"wp:attachment":[{"href":"http:\/\/www.ministerioaguadevida.net\/mujeres\/index.php?rest_route=%2Fwp%2Fv2%2Fmedia&parent=284"}],"wp:term":[{"taxonomy":"category","embeddable":true,"href":"http:\/\/www.ministerioaguadevida.net\/mujeres\/index.php?rest_route=%2Fwp%2Fv2%2Fcategories&post=284"},{"taxonomy":"post_tag","embeddable":true,"href":"http:\/\/www.ministerioaguadevida.net\/mujeres\/index.php?rest_route=%2Fwp%2Fv2%2Ftags&post=284"}],"curies":[{"name":"wp","href":"https:\/\/api.w.org\/{rel}","templated":true}]}}