{"id":144,"date":"2015-05-19T20:14:20","date_gmt":"2015-05-20T01:14:20","guid":{"rendered":"http:\/\/www.ministerioaguadevida.net\/mujeres\/?p=144"},"modified":"2015-05-19T20:14:20","modified_gmt":"2015-05-20T01:14:20","slug":"oracion-vespertina-de-confianza-en-dios","status":"publish","type":"post","link":"http:\/\/www.ministerioaguadevida.net\/mujeres\/?p=144","title":{"rendered":"Oraci\u00f3n Vespertina De Confianza En Dios"},"content":{"rendered":"<p>Meditad en vuestro coraz\u00f3n estando en vuestra cama y callad.<br \/>\nEn paz me acostar\u00e9 y asimismo dormir\u00e9, porque solo tu Jehov\u00e1, me haces vivir confiado.<br \/>\nSalmos 4: 4 y 8.<\/p>\n<p>Se acerca la hora de ir a dormir y al despertar una nueva semana llena de retos, monta\u00f1as y sorpresas. Hoy quise hacer este devocional en la noche para invitarte a que hoy antes de ir a dormir, no pienses en tus problemas sino medita en Dios, entr\u00e9gale el ma\u00f1ana, acu\u00e9state en paz, tranquilo, en confianza y ten la seguridad de que el se encargara de todo sea cual sea la situaci\u00f3n. Hoy, antes de dormirte, b\u00fascalo te esta esperando. Un abrazo para todas y todos.<\/p>\n<p>Sandra Jara<\/p>\n","protected":false},"excerpt":{"rendered":"<p>Meditad en vuestro coraz\u00f3n estando en vuestra cama y callad. En paz me acostar\u00e9 y asimismo dormir\u00e9, porque solo tu Jehov\u00e1, me haces vivir confiado. Salmos 4: 4 y 8. Se acerca la hora de ir a dormir y al despertar una nueva semana llena de retos, monta\u00f1as y sorpresas. Hoy quise hacer este devocional [&hellip;]<\/p>\n","protected":false},"author":3,"featured_media":0,"comment_status":"open","ping_status":"open","sticky":false,"template":"","format":"standard","meta":{"footnotes":""},"categories":[1],"tags":[],"class_list":["post-144","post","type-post","status-publish","format-standard","hentry","category-uncategorized"],"jetpack_featured_media_url":"","_links":{"self":[{"href":"http:\/\/www.ministerioaguadevida.net\/mujeres\/index.php?rest_route=\/wp\/v2\/posts\/144","targetHints":{"allow":["GET"]}}],"collection":[{"href":"http:\/\/www.ministerioaguadevida.net\/mujeres\/index.php?rest_route=\/wp\/v2\/posts"}],"about":[{"href":"http:\/\/www.ministerioaguadevida.net\/mujeres\/index.php?rest_route=\/wp\/v2\/types\/post"}],"author":[{"embeddable":true,"href":"http:\/\/www.ministerioaguadevida.net\/mujeres\/index.php?rest_route=\/wp\/v2\/users\/3"}],"replies":[{"embeddable":true,"href":"http:\/\/www.ministerioaguadevida.net\/mujeres\/index.php?rest_route=%2Fwp%2Fv2%2Fcomments&post=144"}],"version-history":[{"count":1,"href":"http:\/\/www.ministerioaguadevida.net\/mujeres\/index.php?rest_route=\/wp\/v2\/posts\/144\/revisions"}],"predecessor-version":[{"id":145,"href":"http:\/\/www.ministerioaguadevida.net\/mujeres\/index.php?rest_route=\/wp\/v2\/posts\/144\/revisions\/145"}],"wp:attachment":[{"href":"http:\/\/www.ministerioaguadevida.net\/mujeres\/index.php?rest_route=%2Fwp%2Fv2%2Fmedia&parent=144"}],"wp:term":[{"taxonomy":"category","embeddable":true,"href":"http:\/\/www.ministerioaguadevida.net\/mujeres\/index.php?rest_route=%2Fwp%2Fv2%2Fcategories&post=144"},{"taxonomy":"post_tag","embeddable":true,"href":"http:\/\/www.ministerioaguadevida.net\/mujeres\/index.php?rest_route=%2Fwp%2Fv2%2Ftags&post=144"}],"curies":[{"name":"wp","href":"https:\/\/api.w.org\/{rel}","templated":true}]}}