{"id":1397,"date":"2018-06-22T20:02:22","date_gmt":"2018-06-23T01:02:22","guid":{"rendered":"http:\/\/www.ministerioaguadevida.net\/mujeres\/?p=1397"},"modified":"2018-06-22T20:02:22","modified_gmt":"2018-06-23T01:02:22","slug":"sanar-nuestra-fe","status":"publish","type":"post","link":"http:\/\/www.ministerioaguadevida.net\/mujeres\/?p=1397","title":{"rendered":"SANAR NUESTRA FE"},"content":{"rendered":"<p>Oseas 14:3-4<br \/>\n[3]Asiria no puede salvarnos,<br \/>\n\u00a0\u00a0\u00a0 ni nuestros caballos de guerra.<br \/>\nNunca m\u00e1s diremos a \u00eddolos que hemos hecho:<br \/>\n\u00a0\u00a0\u00a0 \u201cUstedes son nuestros dioses\u201d.<br \/>\nNo, solamente en ti<br \/>\n\u00a0\u00a0\u00a0 los hu\u00e9rfanos encuentran misericordia\u00bb.<br \/>\n[4]El Se\u00f1or dice:<br \/>\n\u00abEntonces yo los sanar\u00e9 de su falta de fe;<br \/>\n\u00a0\u00a0\u00a0 mi amor no tendr\u00e1 l\u00edmites,<br \/>\n\u00a0\u00a0\u00a0 porque mi enojo habr\u00e1 desaparecido para siempre.<\/p>\n<p>Buenos d\u00edas<\/p>\n<p>Me llama la atenci\u00f3n esta frase donde el Se\u00f1or dice: \u00bb Entonces yo los sanar\u00e9 de su falta de fe\u00bb <\/p>\n<p>Y si reflexionamos en esta frase, si Dios nos dice que nos sanar\u00e1 de nuestra falta de fe&#8230; \ud83e\udd14\ud83e\udd14\ud83e\udd14<\/p>\n<p>&#8230;es porque nuestra fe en alg\u00fan momento puede enfermarse.<\/p>\n<p>Cuando nuestra fe se enferma dejamos de confiar en Dios y comenzamos a poner nuestra esperanza en \u00eddolos.<\/p>\n<p>\u00bfEn \u00eddolos\ud83e\udd14\ud83e\udd14? Pero si yo no tengo \u00eddolos \ud83e\udd37\u200d\u2640\ud83e\udd37\u200d\u2640\ud83e\udd37\u200d\u2640<\/p>\n<p>Mira bien, piensa otra vez \ud83e\udd14\ud83e\udd14\ud83e\udd14<\/p>\n<p>Todo en lo que pongamos nuestro amor, nuestra confianza y nos haga dejar de mirarlo a El, es un \u00eddolo. \ud83e\udd28\ud83e\udd28\ud83e\udd28<\/p>\n<p>Quiz\u00e1s las circunstancias de la vida, las dificultades , los tiempos de espera hayan enfermado tu fe y hoy est\u00e9s sufriendo de falta de fe. <\/p>\n<p>Digamosle hoy a Dios que nuestra confianza y nuestra esperanza est\u00e1 en \u00c9l. Que dejaremos a nuestros \u00eddolos, a lo que hemos puesto por encima de \u00c9l y esperaremos para que El hoy pueda&#8230;<\/p>\n<p>&#8230;SANAR NUESTRA FE<\/p>\n<p><strong>Sandra Milena Jara &#8211; Ministerio Agua de Vida<\/strong><\/p>\n","protected":false},"excerpt":{"rendered":"<p>Oseas 14:3-4 [3]Asiria no puede salvarnos, \u00a0\u00a0\u00a0 ni nuestros caballos de guerra. Nunca m\u00e1s diremos a \u00eddolos que hemos hecho: \u00a0\u00a0\u00a0 \u201cUstedes son nuestros dioses\u201d. No, solamente en ti \u00a0\u00a0\u00a0 los hu\u00e9rfanos encuentran misericordia\u00bb. [4]El Se\u00f1or dice: \u00abEntonces yo los sanar\u00e9 de su falta de fe; \u00a0\u00a0\u00a0 mi amor no tendr\u00e1 l\u00edmites, \u00a0\u00a0\u00a0 porque mi [&hellip;]<\/p>\n","protected":false},"author":3,"featured_media":0,"comment_status":"open","ping_status":"open","sticky":false,"template":"","format":"standard","meta":{"footnotes":""},"categories":[1],"tags":[],"class_list":["post-1397","post","type-post","status-publish","format-standard","hentry","category-uncategorized"],"jetpack_featured_media_url":"","_links":{"self":[{"href":"http:\/\/www.ministerioaguadevida.net\/mujeres\/index.php?rest_route=\/wp\/v2\/posts\/1397","targetHints":{"allow":["GET"]}}],"collection":[{"href":"http:\/\/www.ministerioaguadevida.net\/mujeres\/index.php?rest_route=\/wp\/v2\/posts"}],"about":[{"href":"http:\/\/www.ministerioaguadevida.net\/mujeres\/index.php?rest_route=\/wp\/v2\/types\/post"}],"author":[{"embeddable":true,"href":"http:\/\/www.ministerioaguadevida.net\/mujeres\/index.php?rest_route=\/wp\/v2\/users\/3"}],"replies":[{"embeddable":true,"href":"http:\/\/www.ministerioaguadevida.net\/mujeres\/index.php?rest_route=%2Fwp%2Fv2%2Fcomments&post=1397"}],"version-history":[{"count":1,"href":"http:\/\/www.ministerioaguadevida.net\/mujeres\/index.php?rest_route=\/wp\/v2\/posts\/1397\/revisions"}],"predecessor-version":[{"id":1398,"href":"http:\/\/www.ministerioaguadevida.net\/mujeres\/index.php?rest_route=\/wp\/v2\/posts\/1397\/revisions\/1398"}],"wp:attachment":[{"href":"http:\/\/www.ministerioaguadevida.net\/mujeres\/index.php?rest_route=%2Fwp%2Fv2%2Fmedia&parent=1397"}],"wp:term":[{"taxonomy":"category","embeddable":true,"href":"http:\/\/www.ministerioaguadevida.net\/mujeres\/index.php?rest_route=%2Fwp%2Fv2%2Fcategories&post=1397"},{"taxonomy":"post_tag","embeddable":true,"href":"http:\/\/www.ministerioaguadevida.net\/mujeres\/index.php?rest_route=%2Fwp%2Fv2%2Ftags&post=1397"}],"curies":[{"name":"wp","href":"https:\/\/api.w.org\/{rel}","templated":true}]}}