{"id":1363,"date":"2018-03-11T19:35:41","date_gmt":"2018-03-12T00:35:41","guid":{"rendered":"http:\/\/www.ministerioaguadevida.net\/mujeres\/?p=1363"},"modified":"2018-03-11T19:36:18","modified_gmt":"2018-03-12T00:36:18","slug":"andar-en-la-luz","status":"publish","type":"post","link":"http:\/\/www.ministerioaguadevida.net\/mujeres\/?p=1363","title":{"rendered":"ANDAR EN LA LUZ"},"content":{"rendered":"<p>Juan 12:46<br \/>\nYo,la luz ,he venido al mundo, para que<br \/>\nTodo aquel que cree en m\u00ed no permanezca en tinieblas. <\/p>\n<p>Este  mundo es tan sombr\u00edo como la noche:Jes\u00fas ha venido para que por medio de la fe tengamos luz y no permanezcamos en medio de la oscuridad que envuelve a toda la humanidad.<\/p>\n<p>< <Todo>>es un t\u00e9rmino muy amplio<br \/>\nque  abarca al mundo entero: tu y yo. si seguimos a Jes\u00fas jamas permaneceremos en  la sombra de la muerte,sino que entraremos en la luz vivificadora de un d\u00eda que no tendr\u00e1 fin. Tal vez se cierna sobre nosotros alguna nube,pero no quedamos en oscuridad si creemos en Jes\u00fas . \u00c9l ha venido para darnos la luz del mediod\u00eda.  \u00bfSera vana su venida?  Si tenemos fe, la luz del sol sera su privilegio para nosotros; disfrutemos de su esplendor.Jes\u00fas ha venido para librarnos de la ignorancia,la duda, la desesperaci\u00f3n, del pecado y del temor; todos  debemos saber que la venida de Jes\u00fas no sera en vano.<\/p>\n<p>Querido hermano, aparta de ti todo desaliento. no vivas en la oscuridad, sino en la luz. En Jes\u00fas est\u00e1 tu esperanza , tu gozo. M\u00edrale solo a \u00c9l y te regocijar\u00e1s, como los \u00e1ngeles delante del se\u00f1or.<\/p>\n<p><strong>YESENIA L\u00d3PEZ &#8211; Ministerio Agua de Vida<\/strong><\/p>\n","protected":false},"excerpt":{"rendered":"<p>Juan 12:46 Yo,la luz ,he venido al mundo, para que Todo aquel que cree en m\u00ed no permanezca en tinieblas. Este mundo es tan sombr\u00edo como la noche:Jes\u00fas ha venido para que por medio de la fe tengamos luz y no permanezcamos en medio de la oscuridad que envuelve a toda la humanidad. < >es [&hellip;]<\/p>\n","protected":false},"author":3,"featured_media":0,"comment_status":"open","ping_status":"open","sticky":false,"template":"","format":"standard","meta":{"footnotes":""},"categories":[1],"tags":[],"class_list":["post-1363","post","type-post","status-publish","format-standard","hentry","category-uncategorized"],"jetpack_featured_media_url":"","_links":{"self":[{"href":"http:\/\/www.ministerioaguadevida.net\/mujeres\/index.php?rest_route=\/wp\/v2\/posts\/1363","targetHints":{"allow":["GET"]}}],"collection":[{"href":"http:\/\/www.ministerioaguadevida.net\/mujeres\/index.php?rest_route=\/wp\/v2\/posts"}],"about":[{"href":"http:\/\/www.ministerioaguadevida.net\/mujeres\/index.php?rest_route=\/wp\/v2\/types\/post"}],"author":[{"embeddable":true,"href":"http:\/\/www.ministerioaguadevida.net\/mujeres\/index.php?rest_route=\/wp\/v2\/users\/3"}],"replies":[{"embeddable":true,"href":"http:\/\/www.ministerioaguadevida.net\/mujeres\/index.php?rest_route=%2Fwp%2Fv2%2Fcomments&post=1363"}],"version-history":[{"count":1,"href":"http:\/\/www.ministerioaguadevida.net\/mujeres\/index.php?rest_route=\/wp\/v2\/posts\/1363\/revisions"}],"predecessor-version":[{"id":1364,"href":"http:\/\/www.ministerioaguadevida.net\/mujeres\/index.php?rest_route=\/wp\/v2\/posts\/1363\/revisions\/1364"}],"wp:attachment":[{"href":"http:\/\/www.ministerioaguadevida.net\/mujeres\/index.php?rest_route=%2Fwp%2Fv2%2Fmedia&parent=1363"}],"wp:term":[{"taxonomy":"category","embeddable":true,"href":"http:\/\/www.ministerioaguadevida.net\/mujeres\/index.php?rest_route=%2Fwp%2Fv2%2Fcategories&post=1363"},{"taxonomy":"post_tag","embeddable":true,"href":"http:\/\/www.ministerioaguadevida.net\/mujeres\/index.php?rest_route=%2Fwp%2Fv2%2Ftags&post=1363"}],"curies":[{"name":"wp","href":"https:\/\/api.w.org\/{rel}","templated":true}]}}