{"id":130,"date":"2015-05-14T06:00:41","date_gmt":"2015-05-14T11:00:41","guid":{"rendered":"http:\/\/www.ministerioaguadevida.net\/mujeres\/?p=130"},"modified":"2015-05-14T20:11:42","modified_gmt":"2015-05-15T01:11:42","slug":"dios-es-mi-luz-y-mi-salvacion","status":"publish","type":"post","link":"http:\/\/www.ministerioaguadevida.net\/mujeres\/?p=130","title":{"rendered":"Dios Es Mi Luz Y Mi Salvaci\u00f3n"},"content":{"rendered":"<p>Salmo 27:1<\/p>\n<p>Jehov\u00e1 es mi luz y mi salvaci\u00f3n \u00bfDe qui\u00e9n temer\u00e9? Jehov\u00e1 es la fortaleza de mi vida \u00bfDe qui\u00e9n he de atemorizarme?<\/p>\n<p>Desde que aceptamos a Cristo en nuestros corazones, Dios nos guarda de todo lo malo y nos ense\u00f1a a confiar y a esperar en EL. Aunque lleguen pruebas duras El nunca nos deja solos, siempre va delante de nosotros, fortaleci\u00e9ndonos y molde\u00e1ndonos conforme a su voluntad para darnos la victoria.<\/p>\n<p>Feliz d\u00eda, bendiciones<\/p>\n<p>Mar\u00eda Ethel Farf\u00e1n<\/p>\n","protected":false},"excerpt":{"rendered":"<p>Salmo 27:1 Jehov\u00e1 es mi luz y mi salvaci\u00f3n \u00bfDe qui\u00e9n temer\u00e9? Jehov\u00e1 es la fortaleza de mi vida \u00bfDe qui\u00e9n he de atemorizarme? Desde que aceptamos a Cristo en nuestros corazones, Dios nos guarda de todo lo malo y nos ense\u00f1a a confiar y a esperar en EL. Aunque lleguen pruebas duras El nunca [&hellip;]<\/p>\n","protected":false},"author":3,"featured_media":134,"comment_status":"open","ping_status":"open","sticky":false,"template":"","format":"standard","meta":{"footnotes":""},"categories":[1],"tags":[],"class_list":["post-130","post","type-post","status-publish","format-standard","has-post-thumbnail","hentry","category-uncategorized"],"jetpack_featured_media_url":"http:\/\/www.ministerioaguadevida.net\/mujeres\/wp-content\/uploads\/2015\/05\/Salmo-27.jpg","_links":{"self":[{"href":"http:\/\/www.ministerioaguadevida.net\/mujeres\/index.php?rest_route=\/wp\/v2\/posts\/130","targetHints":{"allow":["GET"]}}],"collection":[{"href":"http:\/\/www.ministerioaguadevida.net\/mujeres\/index.php?rest_route=\/wp\/v2\/posts"}],"about":[{"href":"http:\/\/www.ministerioaguadevida.net\/mujeres\/index.php?rest_route=\/wp\/v2\/types\/post"}],"author":[{"embeddable":true,"href":"http:\/\/www.ministerioaguadevida.net\/mujeres\/index.php?rest_route=\/wp\/v2\/users\/3"}],"replies":[{"embeddable":true,"href":"http:\/\/www.ministerioaguadevida.net\/mujeres\/index.php?rest_route=%2Fwp%2Fv2%2Fcomments&post=130"}],"version-history":[{"count":1,"href":"http:\/\/www.ministerioaguadevida.net\/mujeres\/index.php?rest_route=\/wp\/v2\/posts\/130\/revisions"}],"predecessor-version":[{"id":131,"href":"http:\/\/www.ministerioaguadevida.net\/mujeres\/index.php?rest_route=\/wp\/v2\/posts\/130\/revisions\/131"}],"wp:featuredmedia":[{"embeddable":true,"href":"http:\/\/www.ministerioaguadevida.net\/mujeres\/index.php?rest_route=\/wp\/v2\/media\/134"}],"wp:attachment":[{"href":"http:\/\/www.ministerioaguadevida.net\/mujeres\/index.php?rest_route=%2Fwp%2Fv2%2Fmedia&parent=130"}],"wp:term":[{"taxonomy":"category","embeddable":true,"href":"http:\/\/www.ministerioaguadevida.net\/mujeres\/index.php?rest_route=%2Fwp%2Fv2%2Fcategories&post=130"},{"taxonomy":"post_tag","embeddable":true,"href":"http:\/\/www.ministerioaguadevida.net\/mujeres\/index.php?rest_route=%2Fwp%2Fv2%2Ftags&post=130"}],"curies":[{"name":"wp","href":"https:\/\/api.w.org\/{rel}","templated":true}]}}