{"id":1077,"date":"2016-06-20T14:54:26","date_gmt":"2016-06-20T19:54:26","guid":{"rendered":"http:\/\/www.ministerioaguadevida.net\/mujeres\/?p=1077"},"modified":"2016-06-20T15:00:11","modified_gmt":"2016-06-20T20:00:11","slug":"jesus-la-vid-verdadera","status":"publish","type":"post","link":"http:\/\/www.ministerioaguadevida.net\/mujeres\/?p=1077","title":{"rendered":"Jes\u00fas La Vid Verdadera"},"content":{"rendered":"<p>Buen d\u00eda hermanas.<br \/>\nComparto esta reflexi\u00f3n.<br \/>\nReina Valera 1960.<\/p>\n<p>Juan 15: 1-6.<br \/>\nYo soy la vid verdadera, y mi padre es el labrador.<br \/>\nTodo p\u00e1mpano que en mi no lleva fruto, lo quitara; y todo aquel que lleva fruto, lo limpiara, para que lleve mas fruto.<br \/>\nYa vosotros est\u00e1is limpios por la palabra de que os he hablado.<br \/>\nPermaneced en mi, y yo en vosotros.<br \/>\nComo el p\u00e1mpano no puede dar fruto por si mismo, si no permanece en la vid, as\u00ed tampoco vosotros, si no permanec\u00e9is en mi.<br \/>\nYo soy la vid, vosotros los p\u00e1mpanos; el que permanece en mi, y yo en \u00e9l, est\u00e9 lleva mucho fruto; porque separados de mi nada pod\u00e9is hacer.<br \/>\nEl que en mi no permanece, sera echado o fuera como p\u00e1mpano,: y se secar\u00e1; y lo recogen, y los echan en el fuego, y arden.<\/p>\n<p>La palabra hoy nos dice que permanezcamos en el Se\u00f1or, guardando su palabra poni\u00e9ndola en practica en nuestra vida diaria,llevando en nuestro coraz\u00f3n el amor que Cristo ha puesto en nuestras vidas para ser llevado a nuestro pr\u00f3jimo, abramos nuestro coraz\u00f3n y permitamos ser renovadas y as\u00ed poder dar esos frutos para la gloria y la honra de Dios, su palabra no dice que apartados de \u00e9l nada somos, caminemos como esos p\u00e1mpanos para dar mucho fruto,  tambi\u00e9n nos dice que el que no permanece en \u00e9l ser\u00e1 echado fuera como p\u00e1mpano, y se secar\u00e1; y los  recogen, y los echan en el fuego, y arden, es all\u00ed donde  nuestro padre nos habr\u00e1 rescatado y podremos morar con \u00e9l en la eternidad. Amen.<\/p>\n<p><strong>Carmenza Gutierrez &#8211; Ministerio Agua de Vida<\/strong><\/p>\n","protected":false},"excerpt":{"rendered":"<p>Buen d\u00eda hermanas. Comparto esta reflexi\u00f3n. Reina Valera 1960. Juan 15: 1-6. Yo soy la vid verdadera, y mi padre es el labrador. Todo p\u00e1mpano que en mi no lleva fruto, lo quitara; y todo aquel que lleva fruto, lo limpiara, para que lleve mas fruto. Ya vosotros est\u00e1is limpios por la palabra de que [&hellip;]<\/p>\n","protected":false},"author":3,"featured_media":0,"comment_status":"open","ping_status":"open","sticky":false,"template":"","format":"standard","meta":{"footnotes":""},"categories":[1],"tags":[],"class_list":["post-1077","post","type-post","status-publish","format-standard","hentry","category-uncategorized"],"jetpack_featured_media_url":"","_links":{"self":[{"href":"http:\/\/www.ministerioaguadevida.net\/mujeres\/index.php?rest_route=\/wp\/v2\/posts\/1077","targetHints":{"allow":["GET"]}}],"collection":[{"href":"http:\/\/www.ministerioaguadevida.net\/mujeres\/index.php?rest_route=\/wp\/v2\/posts"}],"about":[{"href":"http:\/\/www.ministerioaguadevida.net\/mujeres\/index.php?rest_route=\/wp\/v2\/types\/post"}],"author":[{"embeddable":true,"href":"http:\/\/www.ministerioaguadevida.net\/mujeres\/index.php?rest_route=\/wp\/v2\/users\/3"}],"replies":[{"embeddable":true,"href":"http:\/\/www.ministerioaguadevida.net\/mujeres\/index.php?rest_route=%2Fwp%2Fv2%2Fcomments&post=1077"}],"version-history":[{"count":1,"href":"http:\/\/www.ministerioaguadevida.net\/mujeres\/index.php?rest_route=\/wp\/v2\/posts\/1077\/revisions"}],"predecessor-version":[{"id":1078,"href":"http:\/\/www.ministerioaguadevida.net\/mujeres\/index.php?rest_route=\/wp\/v2\/posts\/1077\/revisions\/1078"}],"wp:attachment":[{"href":"http:\/\/www.ministerioaguadevida.net\/mujeres\/index.php?rest_route=%2Fwp%2Fv2%2Fmedia&parent=1077"}],"wp:term":[{"taxonomy":"category","embeddable":true,"href":"http:\/\/www.ministerioaguadevida.net\/mujeres\/index.php?rest_route=%2Fwp%2Fv2%2Fcategories&post=1077"},{"taxonomy":"post_tag","embeddable":true,"href":"http:\/\/www.ministerioaguadevida.net\/mujeres\/index.php?rest_route=%2Fwp%2Fv2%2Ftags&post=1077"}],"curies":[{"name":"wp","href":"https:\/\/api.w.org\/{rel}","templated":true}]}}