{"id":107,"date":"2015-05-10T21:26:01","date_gmt":"2015-05-11T02:26:01","guid":{"rendered":"http:\/\/www.ministerioaguadevida.net\/mujeres\/?p=107"},"modified":"2015-05-10T21:43:40","modified_gmt":"2015-05-11T02:43:40","slug":"celebracion-dia-de-las-madres-2015","status":"publish","type":"post","link":"http:\/\/www.ministerioaguadevida.net\/mujeres\/?p=107","title":{"rendered":"Celebraci\u00f3n d\u00eda de las madres &#8211; 2015"},"content":{"rendered":"<p>El pasado\u00a0 10 de mayo en los dos servicios dominicales de la Comunidad Cristiana Agua de Vida se celebr\u00f3 el d\u00eda de las madres.<\/p>\n<p>En el intermedio de los dos servicios, un grupo de mariachis ofreci\u00f3 una serenata a todas las madres asistentes.<\/p>\n<p>&nbsp;<\/p>\n<p><strong>En el nombre de Dios<\/strong><\/p>\n<p><iframe loading=\"lazy\" src=\"https:\/\/www.youtube.com\/embed\/AxizD6wyrzY\" width=\"420\" height=\"315\" frameborder=\"0\" allowfullscreen=\"allowfullscreen\"><\/iframe><\/p>\n","protected":false},"excerpt":{"rendered":"<p>El pasado\u00a0 10 de mayo en los dos servicios dominicales de la Comunidad Cristiana Agua de Vida se celebr\u00f3 el d\u00eda de las madres. En el intermedio de los dos servicios, un grupo de mariachis ofreci\u00f3 una serenata a todas las madres asistentes. &nbsp; En el nombre de Dios<\/p>\n","protected":false},"author":1,"featured_media":0,"comment_status":"open","ping_status":"open","sticky":false,"template":"","format":"standard","meta":{"footnotes":""},"categories":[1],"tags":[],"class_list":["post-107","post","type-post","status-publish","format-standard","hentry","category-uncategorized"],"jetpack_featured_media_url":"","_links":{"self":[{"href":"http:\/\/www.ministerioaguadevida.net\/mujeres\/index.php?rest_route=\/wp\/v2\/posts\/107","targetHints":{"allow":["GET"]}}],"collection":[{"href":"http:\/\/www.ministerioaguadevida.net\/mujeres\/index.php?rest_route=\/wp\/v2\/posts"}],"about":[{"href":"http:\/\/www.ministerioaguadevida.net\/mujeres\/index.php?rest_route=\/wp\/v2\/types\/post"}],"author":[{"embeddable":true,"href":"http:\/\/www.ministerioaguadevida.net\/mujeres\/index.php?rest_route=\/wp\/v2\/users\/1"}],"replies":[{"embeddable":true,"href":"http:\/\/www.ministerioaguadevida.net\/mujeres\/index.php?rest_route=%2Fwp%2Fv2%2Fcomments&post=107"}],"version-history":[{"count":2,"href":"http:\/\/www.ministerioaguadevida.net\/mujeres\/index.php?rest_route=\/wp\/v2\/posts\/107\/revisions"}],"predecessor-version":[{"id":109,"href":"http:\/\/www.ministerioaguadevida.net\/mujeres\/index.php?rest_route=\/wp\/v2\/posts\/107\/revisions\/109"}],"wp:attachment":[{"href":"http:\/\/www.ministerioaguadevida.net\/mujeres\/index.php?rest_route=%2Fwp%2Fv2%2Fmedia&parent=107"}],"wp:term":[{"taxonomy":"category","embeddable":true,"href":"http:\/\/www.ministerioaguadevida.net\/mujeres\/index.php?rest_route=%2Fwp%2Fv2%2Fcategories&post=107"},{"taxonomy":"post_tag","embeddable":true,"href":"http:\/\/www.ministerioaguadevida.net\/mujeres\/index.php?rest_route=%2Fwp%2Fv2%2Ftags&post=107"}],"curies":[{"name":"wp","href":"https:\/\/api.w.org\/{rel}","templated":true}]}}